{"id":35589,"date":"2023-07-24T13:35:55","date_gmt":"2023-07-24T16:35:55","guid":{"rendered":"https:\/\/www.uninter.com\/radio\/?p=35589"},"modified":"2023-07-24T13:35:56","modified_gmt":"2023-07-24T16:35:56","slug":"fala-prof-acao-social-projeto-prato-de-amor","status":"publish","type":"post","link":"https:\/\/www.uninter.com\/radio\/fala-prof-acao-social-projeto-prato-de-amor","title":{"rendered":"Fala, Prof! | A\u00e7\u00e3o Social: projeto Prato de Amor"},"content":{"rendered":"\n<figure class=\"wp-block-audio\"><audio controls src=\"https:\/\/www.uninter.com\/radio\/wp-content\/uploads\/2023\/07\/fala-prof-18-07-2023.mp3\"><\/audio><\/figure>\n\n\n\n<p>No m\u00eas de julho o programa Fala, Prof! traz uma edi\u00e7\u00e3o diferente. Neste epis\u00f3dio, mostraremos a visita realizada ao projeto Prato do Amor, ganhador da categoria Direitos Humanos, do Pr\u00eamio TOP INOVA\u00c7\u00c2O 2022. Conversaremos com o gestor e sua equipe, falando um pouco de como a\u00e7\u00f5es como esta, podem contribuir na garantia de acesso aos direitos de pessoas em situa\u00e7\u00e3o de vulnerabilidade.<\/p>\n","protected":false},"excerpt":{"rendered":"<p>No m\u00eas de julho o programa Fala, Prof! traz uma edi\u00e7\u00e3o diferente. Neste epis\u00f3dio, mostraremos&#8230;<\/p>\n","protected":false},"author":3,"featured_media":30526,"comment_status":"open","ping_status":"open","sticky":false,"template":"","format":"standard","meta":[],"categories":[2763],"tags":[],"_links":{"self":[{"href":"https:\/\/www.uninter.com\/radio\/wp-json\/wp\/v2\/posts\/35589"}],"collection":[{"href":"https:\/\/www.uninter.com\/radio\/wp-json\/wp\/v2\/posts"}],"about":[{"href":"https:\/\/www.uninter.com\/radio\/wp-json\/wp\/v2\/types\/post"}],"author":[{"embeddable":true,"href":"https:\/\/www.uninter.com\/radio\/wp-json\/wp\/v2\/users\/3"}],"replies":[{"embeddable":true,"href":"https:\/\/www.uninter.com\/radio\/wp-json\/wp\/v2\/comments?post=35589"}],"version-history":[{"count":1,"href":"https:\/\/www.uninter.com\/radio\/wp-json\/wp\/v2\/posts\/35589\/revisions"}],"predecessor-version":[{"id":35591,"href":"https:\/\/www.uninter.com\/radio\/wp-json\/wp\/v2\/posts\/35589\/revisions\/35591"}],"wp:featuredmedia":[{"embeddable":true,"href":"https:\/\/www.uninter.com\/radio\/wp-json\/wp\/v2\/media\/30526"}],"wp:attachment":[{"href":"https:\/\/www.uninter.com\/radio\/wp-json\/wp\/v2\/media?parent=35589"}],"wp:term":[{"taxonomy":"category","embeddable":true,"href":"https:\/\/www.uninter.com\/radio\/wp-json\/wp\/v2\/categories?post=35589"},{"taxonomy":"post_tag","embeddable":true,"href":"https:\/\/www.uninter.com\/radio\/wp-json\/wp\/v2\/tags?post=35589"}],"curies":[{"name":"wp","href":"https:\/\/api.w.org\/{rel}","templated":true}]}}