{"id":35583,"date":"2023-07-24T13:31:11","date_gmt":"2023-07-24T16:31:11","guid":{"rendered":"https:\/\/www.uninter.com\/radio\/?p=35583"},"modified":"2023-07-24T13:31:12","modified_gmt":"2023-07-24T16:31:12","slug":"talento-em-foco-ser-competente-ser-integral-ser-feliz","status":"publish","type":"post","link":"https:\/\/www.uninter.com\/radio\/talento-em-foco-ser-competente-ser-integral-ser-feliz","title":{"rendered":"Talento em Foco | Ser competente, ser integral, ser feliz"},"content":{"rendered":"\n<figure class=\"wp-block-audio\"><audio controls src=\"https:\/\/www.uninter.com\/radio\/wp-content\/uploads\/2023\/07\/talento-em-foco-17-07-2023.mp3\"><\/audio><\/figure>\n\n\n\n<p>Ser competente, integral e feliz no trabalho \u00e9 um objetivo almejado por muitas pessoas. Desenvolver habilidades e conhecimentos para realizar tarefas, buscar um equil\u00edbrio saud\u00e1vel entre a vida profissional e pessoal e ter um prop\u00f3sito que esteja alinhado com seus valores e interesses s\u00e3o quest\u00f5es diante de todos os trabalhadores. O Talento em Foco discute exatamente a busca e o equil\u00edbrio entre esses pontos. Erika Lotz e Evandro Tosin recebem a executiva da empresa Vallor &#8211; Pessoas e Organiza\u00e7\u00f5es, Lucia Helena Rahme, para falar do tema.<\/p>\n","protected":false},"excerpt":{"rendered":"<p>Ser competente, integral e feliz no trabalho \u00e9 um objetivo almejado por muitas pessoas. Desenvolver&#8230;<\/p>\n","protected":false},"author":3,"featured_media":31128,"comment_status":"open","ping_status":"open","sticky":false,"template":"","format":"standard","meta":[],"categories":[2723],"tags":[],"_links":{"self":[{"href":"https:\/\/www.uninter.com\/radio\/wp-json\/wp\/v2\/posts\/35583"}],"collection":[{"href":"https:\/\/www.uninter.com\/radio\/wp-json\/wp\/v2\/posts"}],"about":[{"href":"https:\/\/www.uninter.com\/radio\/wp-json\/wp\/v2\/types\/post"}],"author":[{"embeddable":true,"href":"https:\/\/www.uninter.com\/radio\/wp-json\/wp\/v2\/users\/3"}],"replies":[{"embeddable":true,"href":"https:\/\/www.uninter.com\/radio\/wp-json\/wp\/v2\/comments?post=35583"}],"version-history":[{"count":1,"href":"https:\/\/www.uninter.com\/radio\/wp-json\/wp\/v2\/posts\/35583\/revisions"}],"predecessor-version":[{"id":35585,"href":"https:\/\/www.uninter.com\/radio\/wp-json\/wp\/v2\/posts\/35583\/revisions\/35585"}],"wp:featuredmedia":[{"embeddable":true,"href":"https:\/\/www.uninter.com\/radio\/wp-json\/wp\/v2\/media\/31128"}],"wp:attachment":[{"href":"https:\/\/www.uninter.com\/radio\/wp-json\/wp\/v2\/media?parent=35583"}],"wp:term":[{"taxonomy":"category","embeddable":true,"href":"https:\/\/www.uninter.com\/radio\/wp-json\/wp\/v2\/categories?post=35583"},{"taxonomy":"post_tag","embeddable":true,"href":"https:\/\/www.uninter.com\/radio\/wp-json\/wp\/v2\/tags?post=35583"}],"curies":[{"name":"wp","href":"https:\/\/api.w.org\/{rel}","templated":true}]}}