{"id":35579,"date":"2023-07-24T10:23:58","date_gmt":"2023-07-24T13:23:58","guid":{"rendered":"https:\/\/www.uninter.com\/radio\/?p=35579"},"modified":"2023-07-24T10:23:59","modified_gmt":"2023-07-24T13:23:59","slug":"inclusao-em-rede-o-primeiro-surdocego-a-escrever-um-livro-no-brasil","status":"publish","type":"post","link":"https:\/\/www.uninter.com\/radio\/inclusao-em-rede-o-primeiro-surdocego-a-escrever-um-livro-no-brasil","title":{"rendered":"Inclus\u00e3o em Rede | O primeiro surdocego a escrever um livro no Brasil"},"content":{"rendered":"\n<figure class=\"wp-block-audio\"><audio controls src=\"https:\/\/www.uninter.com\/radio\/wp-content\/uploads\/2023\/07\/inclusao-em-rede-14-07-2023.mp3\"><\/audio><\/figure>\n\n\n\n<p>O programa Inclus\u00e3o em Rede recebe o primeiro surdocego a escrever um livro no Brasil, o professor Alex Garcia.<\/p>\n\n\n\n<p>Quem comanda a apresenta\u00e7\u00e3o \u00e9 Leomar Marchesini, coordenadora do SIANEE.<\/p>\n","protected":false},"excerpt":{"rendered":"<p>O programa Inclus\u00e3o em Rede recebe o primeiro surdocego a escrever um livro no Brasil,&#8230;<\/p>\n","protected":false},"author":3,"featured_media":33698,"comment_status":"open","ping_status":"open","sticky":false,"template":"","format":"standard","meta":[],"categories":[2727],"tags":[],"_links":{"self":[{"href":"https:\/\/www.uninter.com\/radio\/wp-json\/wp\/v2\/posts\/35579"}],"collection":[{"href":"https:\/\/www.uninter.com\/radio\/wp-json\/wp\/v2\/posts"}],"about":[{"href":"https:\/\/www.uninter.com\/radio\/wp-json\/wp\/v2\/types\/post"}],"author":[{"embeddable":true,"href":"https:\/\/www.uninter.com\/radio\/wp-json\/wp\/v2\/users\/3"}],"replies":[{"embeddable":true,"href":"https:\/\/www.uninter.com\/radio\/wp-json\/wp\/v2\/comments?post=35579"}],"version-history":[{"count":1,"href":"https:\/\/www.uninter.com\/radio\/wp-json\/wp\/v2\/posts\/35579\/revisions"}],"predecessor-version":[{"id":35581,"href":"https:\/\/www.uninter.com\/radio\/wp-json\/wp\/v2\/posts\/35579\/revisions\/35581"}],"wp:featuredmedia":[{"embeddable":true,"href":"https:\/\/www.uninter.com\/radio\/wp-json\/wp\/v2\/media\/33698"}],"wp:attachment":[{"href":"https:\/\/www.uninter.com\/radio\/wp-json\/wp\/v2\/media?parent=35579"}],"wp:term":[{"taxonomy":"category","embeddable":true,"href":"https:\/\/www.uninter.com\/radio\/wp-json\/wp\/v2\/categories?post=35579"},{"taxonomy":"post_tag","embeddable":true,"href":"https:\/\/www.uninter.com\/radio\/wp-json\/wp\/v2\/tags?post=35579"}],"curies":[{"name":"wp","href":"https:\/\/api.w.org\/{rel}","templated":true}]}}