{"id":35570,"date":"2023-07-24T10:11:02","date_gmt":"2023-07-24T13:11:02","guid":{"rendered":"https:\/\/www.uninter.com\/radio\/?p=35570"},"modified":"2023-07-24T10:11:03","modified_gmt":"2023-07-24T13:11:03","slug":"chave-interdisciplinar-50-anos-do-acordo-de-paz-de-paris","status":"publish","type":"post","link":"https:\/\/www.uninter.com\/radio\/chave-interdisciplinar-50-anos-do-acordo-de-paz-de-paris","title":{"rendered":"Chave Interdisciplinar | 50 anos do Acordo de Paz de Paris"},"content":{"rendered":"\n<figure class=\"wp-block-audio\"><audio controls src=\"https:\/\/www.uninter.com\/radio\/wp-content\/uploads\/2023\/07\/chave-13-07-2023.mp3\"><\/audio><\/figure>\n\n\n\n<p>Assinado em 27 de janeiro de 1973, o acordo de paz de Paris marcou um momento significativo na Guerra do Vietn\u00e3. O tratado entre os Estados Unidos, a Rep\u00fablica Democr\u00e1tica do Vietn\u00e3 (Vietn\u00e3 do Norte), a Rep\u00fablica do Vietn\u00e3 (Vietn\u00e3 do Sul) e o Governo Revolucion\u00e1rio Provis\u00f3rio do Vietn\u00e3 do Sul tinha o objetivo de encerrar as hostilidades e alcan\u00e7ar uma solu\u00e7\u00e3o pol\u00edtica para o conflito por meio de uma s\u00e9rie de mecanismos. O Chave Interdisciplinar reflete os 50 anos do acordo e suas consequ\u00eancias. A professora Renata Garbossa recebe o professor e doutor em HIst\u00f3ria Andr\u00e9 Cavazzani para debater o tema.<\/p>\n","protected":false},"excerpt":{"rendered":"<p>Assinado em 27 de janeiro de 1973, o acordo de paz de Paris marcou um&#8230;<\/p>\n","protected":false},"author":3,"featured_media":33668,"comment_status":"open","ping_status":"open","sticky":false,"template":"","format":"standard","meta":[],"categories":[2735],"tags":[],"_links":{"self":[{"href":"https:\/\/www.uninter.com\/radio\/wp-json\/wp\/v2\/posts\/35570"}],"collection":[{"href":"https:\/\/www.uninter.com\/radio\/wp-json\/wp\/v2\/posts"}],"about":[{"href":"https:\/\/www.uninter.com\/radio\/wp-json\/wp\/v2\/types\/post"}],"author":[{"embeddable":true,"href":"https:\/\/www.uninter.com\/radio\/wp-json\/wp\/v2\/users\/3"}],"replies":[{"embeddable":true,"href":"https:\/\/www.uninter.com\/radio\/wp-json\/wp\/v2\/comments?post=35570"}],"version-history":[{"count":1,"href":"https:\/\/www.uninter.com\/radio\/wp-json\/wp\/v2\/posts\/35570\/revisions"}],"predecessor-version":[{"id":35572,"href":"https:\/\/www.uninter.com\/radio\/wp-json\/wp\/v2\/posts\/35570\/revisions\/35572"}],"wp:featuredmedia":[{"embeddable":true,"href":"https:\/\/www.uninter.com\/radio\/wp-json\/wp\/v2\/media\/33668"}],"wp:attachment":[{"href":"https:\/\/www.uninter.com\/radio\/wp-json\/wp\/v2\/media?parent=35570"}],"wp:term":[{"taxonomy":"category","embeddable":true,"href":"https:\/\/www.uninter.com\/radio\/wp-json\/wp\/v2\/categories?post=35570"},{"taxonomy":"post_tag","embeddable":true,"href":"https:\/\/www.uninter.com\/radio\/wp-json\/wp\/v2\/tags?post=35570"}],"curies":[{"name":"wp","href":"https:\/\/api.w.org\/{rel}","templated":true}]}}