{"id":35564,"date":"2023-07-24T10:06:43","date_gmt":"2023-07-24T13:06:43","guid":{"rendered":"https:\/\/www.uninter.com\/radio\/?p=35564"},"modified":"2023-07-24T10:06:44","modified_gmt":"2023-07-24T13:06:44","slug":"papo-castico-periferia-curitibana-nas-telonas","status":"publish","type":"post","link":"https:\/\/www.uninter.com\/radio\/papo-castico-periferia-curitibana-nas-telonas","title":{"rendered":"Papo Casti\u00e7o | Periferia curitibana nas telonas"},"content":{"rendered":"\n<figure class=\"wp-block-audio\"><audio controls src=\"https:\/\/www.uninter.com\/radio\/wp-content\/uploads\/2023\/07\/papo-castico-12-07-2023.mp3\"><\/audio><\/figure>\n\n\n\n<p>O cinema ganhou o interesse da sociedade e deu o tom para um novo movimento no universo art\u00edstico desde 1895, quando os irm\u00e3os Louis e Auguste Lumi\u00e8re projetaram um filme pela primeira vez em Paris. Bem longe das terras francesas, mais precisamente na capital do estado do Paran\u00e1, a s\u00e9tima arte se manifesta com maestria, colocando a periferia nas telonas, levantando questionamentos sobre a idealiza\u00e7\u00e3o do t\u00edtulo de cidade modelo que Curitiba carrega a tantos anos.<\/p>\n\n\n\n<p>Vamos conhecer Betinho Celanex e Danilo Cust\u00f3dio, dois premiados cineastas que realizam produ\u00e7\u00f5es cinematogr\u00e1ficas com olhar e linguagens fi\u00e9is ao dia a dia e a realidade da comunidade curitibana. E daremos destaque para seu \u00faltimo curta metragem \u201cA trilha Sonora de um Bairro\u201d que colocou o rap da terra do pinh\u00e3o para a cena cinematogr\u00e1fica garantindo men\u00e7\u00e3o honrosa no pr\u00eamio AVEC-PR, na 12\u00aa Edi\u00e7\u00e3o do Olhar de Cinema \u2013 Festival Internacional de Curitiba.<\/p>\n","protected":false},"excerpt":{"rendered":"<p>O cinema ganhou o interesse da sociedade e deu o tom para um novo movimento&#8230;<\/p>\n","protected":false},"author":3,"featured_media":34252,"comment_status":"open","ping_status":"open","sticky":false,"template":"","format":"standard","meta":[],"categories":[2841],"tags":[],"_links":{"self":[{"href":"https:\/\/www.uninter.com\/radio\/wp-json\/wp\/v2\/posts\/35564"}],"collection":[{"href":"https:\/\/www.uninter.com\/radio\/wp-json\/wp\/v2\/posts"}],"about":[{"href":"https:\/\/www.uninter.com\/radio\/wp-json\/wp\/v2\/types\/post"}],"author":[{"embeddable":true,"href":"https:\/\/www.uninter.com\/radio\/wp-json\/wp\/v2\/users\/3"}],"replies":[{"embeddable":true,"href":"https:\/\/www.uninter.com\/radio\/wp-json\/wp\/v2\/comments?post=35564"}],"version-history":[{"count":1,"href":"https:\/\/www.uninter.com\/radio\/wp-json\/wp\/v2\/posts\/35564\/revisions"}],"predecessor-version":[{"id":35566,"href":"https:\/\/www.uninter.com\/radio\/wp-json\/wp\/v2\/posts\/35564\/revisions\/35566"}],"wp:featuredmedia":[{"embeddable":true,"href":"https:\/\/www.uninter.com\/radio\/wp-json\/wp\/v2\/media\/34252"}],"wp:attachment":[{"href":"https:\/\/www.uninter.com\/radio\/wp-json\/wp\/v2\/media?parent=35564"}],"wp:term":[{"taxonomy":"category","embeddable":true,"href":"https:\/\/www.uninter.com\/radio\/wp-json\/wp\/v2\/categories?post=35564"},{"taxonomy":"post_tag","embeddable":true,"href":"https:\/\/www.uninter.com\/radio\/wp-json\/wp\/v2\/tags?post=35564"}],"curies":[{"name":"wp","href":"https:\/\/api.w.org\/{rel}","templated":true}]}}