{"id":35557,"date":"2023-07-11T16:41:48","date_gmt":"2023-07-11T19:41:48","guid":{"rendered":"https:\/\/www.uninter.com\/radio\/?p=35557"},"modified":"2023-07-11T16:41:49","modified_gmt":"2023-07-11T19:41:49","slug":"inclusao-em-rede-surdocegueira-e-deficiencia-multipla-sensorial","status":"publish","type":"post","link":"https:\/\/www.uninter.com\/radio\/inclusao-em-rede-surdocegueira-e-deficiencia-multipla-sensorial","title":{"rendered":"Inclus\u00e3o em Rede | Surdocegueira e defici\u00eancia m\u00faltipla sensorial"},"content":{"rendered":"\n<figure class=\"wp-block-audio\"><audio controls src=\"https:\/\/www.uninter.com\/radio\/wp-content\/uploads\/2023\/07\/inclusao-em-rede-07-07-2023.mp3\"><\/audio><\/figure>\n\n\n\n<p>Nesta sedi\u00e7\u00e3o do programa Inclus\u00e3o em Rede, teremos a participa\u00e7\u00e3o da Doutora em Educa\u00e7\u00e3o Especial Fernanda Falkoski, para falar sobre a surdocegueira e defici\u00eancia m\u00faltipla.<\/p>\n","protected":false},"excerpt":{"rendered":"<p>Nesta sedi\u00e7\u00e3o do programa Inclus\u00e3o em Rede, teremos a participa\u00e7\u00e3o da Doutora em Educa\u00e7\u00e3o Especial&#8230;<\/p>\n","protected":false},"author":3,"featured_media":33698,"comment_status":"open","ping_status":"open","sticky":false,"template":"","format":"standard","meta":[],"categories":[2727],"tags":[],"_links":{"self":[{"href":"https:\/\/www.uninter.com\/radio\/wp-json\/wp\/v2\/posts\/35557"}],"collection":[{"href":"https:\/\/www.uninter.com\/radio\/wp-json\/wp\/v2\/posts"}],"about":[{"href":"https:\/\/www.uninter.com\/radio\/wp-json\/wp\/v2\/types\/post"}],"author":[{"embeddable":true,"href":"https:\/\/www.uninter.com\/radio\/wp-json\/wp\/v2\/users\/3"}],"replies":[{"embeddable":true,"href":"https:\/\/www.uninter.com\/radio\/wp-json\/wp\/v2\/comments?post=35557"}],"version-history":[{"count":1,"href":"https:\/\/www.uninter.com\/radio\/wp-json\/wp\/v2\/posts\/35557\/revisions"}],"predecessor-version":[{"id":35559,"href":"https:\/\/www.uninter.com\/radio\/wp-json\/wp\/v2\/posts\/35557\/revisions\/35559"}],"wp:featuredmedia":[{"embeddable":true,"href":"https:\/\/www.uninter.com\/radio\/wp-json\/wp\/v2\/media\/33698"}],"wp:attachment":[{"href":"https:\/\/www.uninter.com\/radio\/wp-json\/wp\/v2\/media?parent=35557"}],"wp:term":[{"taxonomy":"category","embeddable":true,"href":"https:\/\/www.uninter.com\/radio\/wp-json\/wp\/v2\/categories?post=35557"},{"taxonomy":"post_tag","embeddable":true,"href":"https:\/\/www.uninter.com\/radio\/wp-json\/wp\/v2\/tags?post=35557"}],"curies":[{"name":"wp","href":"https:\/\/api.w.org\/{rel}","templated":true}]}}