{"id":35545,"date":"2023-07-11T16:27:47","date_gmt":"2023-07-11T19:27:47","guid":{"rendered":"https:\/\/www.uninter.com\/radio\/?p=35545"},"modified":"2023-07-11T16:27:48","modified_gmt":"2023-07-11T19:27:48","slug":"diversos-da-pos-dia-mundial-do-chocolate","status":"publish","type":"post","link":"https:\/\/www.uninter.com\/radio\/diversos-da-pos-dia-mundial-do-chocolate","title":{"rendered":"Diversos da P\u00f3s | Dia Mundial do Chocolate"},"content":{"rendered":"\n<figure class=\"wp-block-audio\"><audio controls src=\"https:\/\/www.uninter.com\/radio\/wp-content\/uploads\/2023\/07\/diversos-da-pos-06-07-2023.mp3\"><\/audio><\/figure>\n\n\n\n<p>Dia 07 de julho \u00e9 o Dia Mundial do Chocolate. A data celebra a chegada do chocolate na Europa no s\u00e9culo XV. Por isso, O Diversos da P\u00f3s pretende discutir sobre as quest\u00f5es econ\u00f4micas do cacau, e a recente preocupa\u00e7\u00e3o de uma poss\u00edvel extin\u00e7\u00e3o do cacau at\u00e9 2050 em virtude das mudan\u00e7as clim\u00e1ticas, e tamb\u00e9m levantar as quest\u00f5es nutricionais envolvendo o chocolate, se faz mal, ou bem, mitos e verdades. Para a conversa, Viviane Oliveira de Melo recebe os professores Alisson David Silva e Cristiane Ripka.<\/p>\n","protected":false},"excerpt":{"rendered":"<p>Dia 07 de julho \u00e9 o Dia Mundial do Chocolate. A data celebra a chegada&#8230;<\/p>\n","protected":false},"author":3,"featured_media":34178,"comment_status":"open","ping_status":"open","sticky":false,"template":"","format":"standard","meta":[],"categories":[2704],"tags":[],"_links":{"self":[{"href":"https:\/\/www.uninter.com\/radio\/wp-json\/wp\/v2\/posts\/35545"}],"collection":[{"href":"https:\/\/www.uninter.com\/radio\/wp-json\/wp\/v2\/posts"}],"about":[{"href":"https:\/\/www.uninter.com\/radio\/wp-json\/wp\/v2\/types\/post"}],"author":[{"embeddable":true,"href":"https:\/\/www.uninter.com\/radio\/wp-json\/wp\/v2\/users\/3"}],"replies":[{"embeddable":true,"href":"https:\/\/www.uninter.com\/radio\/wp-json\/wp\/v2\/comments?post=35545"}],"version-history":[{"count":1,"href":"https:\/\/www.uninter.com\/radio\/wp-json\/wp\/v2\/posts\/35545\/revisions"}],"predecessor-version":[{"id":35547,"href":"https:\/\/www.uninter.com\/radio\/wp-json\/wp\/v2\/posts\/35545\/revisions\/35547"}],"wp:featuredmedia":[{"embeddable":true,"href":"https:\/\/www.uninter.com\/radio\/wp-json\/wp\/v2\/media\/34178"}],"wp:attachment":[{"href":"https:\/\/www.uninter.com\/radio\/wp-json\/wp\/v2\/media?parent=35545"}],"wp:term":[{"taxonomy":"category","embeddable":true,"href":"https:\/\/www.uninter.com\/radio\/wp-json\/wp\/v2\/categories?post=35545"},{"taxonomy":"post_tag","embeddable":true,"href":"https:\/\/www.uninter.com\/radio\/wp-json\/wp\/v2\/tags?post=35545"}],"curies":[{"name":"wp","href":"https:\/\/api.w.org\/{rel}","templated":true}]}}