{"id":35539,"date":"2023-07-11T16:17:19","date_gmt":"2023-07-11T19:17:19","guid":{"rendered":"https:\/\/www.uninter.com\/radio\/?p=35539"},"modified":"2023-07-11T16:17:20","modified_gmt":"2023-07-11T19:17:20","slug":"atualidades-da-educacao-festas-juninas-e-educacao","status":"publish","type":"post","link":"https:\/\/www.uninter.com\/radio\/atualidades-da-educacao-festas-juninas-e-educacao","title":{"rendered":"Atualidades da Educa\u00e7\u00e3o | Festas juninas e educa\u00e7\u00e3o"},"content":{"rendered":"\n<figure class=\"wp-block-audio\"><audio controls src=\"https:\/\/www.uninter.com\/radio\/wp-content\/uploads\/2023\/07\/atualidades-da-educacao-05-07-2023.mp3\"><\/audio><\/figure>\n\n\n\n<p>Estamos em \u00e9poca das festas juninas, e o Atualidades da Educa\u00e7\u00e3o traz qual a rela\u00e7\u00e3o que essa festividade tem com o ensino. Para a conversa, Alvino Moser recebe os professores Cristiane Lieuthier e M\u00e1rcio Pelisnki.<\/p>\n","protected":false},"excerpt":{"rendered":"<p>Estamos em \u00e9poca das festas juninas, e o Atualidades da Educa\u00e7\u00e3o traz qual a rela\u00e7\u00e3o&#8230;<\/p>\n","protected":false},"author":3,"featured_media":33674,"comment_status":"open","ping_status":"open","sticky":false,"template":"","format":"standard","meta":[],"categories":[2760],"tags":[],"_links":{"self":[{"href":"https:\/\/www.uninter.com\/radio\/wp-json\/wp\/v2\/posts\/35539"}],"collection":[{"href":"https:\/\/www.uninter.com\/radio\/wp-json\/wp\/v2\/posts"}],"about":[{"href":"https:\/\/www.uninter.com\/radio\/wp-json\/wp\/v2\/types\/post"}],"author":[{"embeddable":true,"href":"https:\/\/www.uninter.com\/radio\/wp-json\/wp\/v2\/users\/3"}],"replies":[{"embeddable":true,"href":"https:\/\/www.uninter.com\/radio\/wp-json\/wp\/v2\/comments?post=35539"}],"version-history":[{"count":1,"href":"https:\/\/www.uninter.com\/radio\/wp-json\/wp\/v2\/posts\/35539\/revisions"}],"predecessor-version":[{"id":35541,"href":"https:\/\/www.uninter.com\/radio\/wp-json\/wp\/v2\/posts\/35539\/revisions\/35541"}],"wp:featuredmedia":[{"embeddable":true,"href":"https:\/\/www.uninter.com\/radio\/wp-json\/wp\/v2\/media\/33674"}],"wp:attachment":[{"href":"https:\/\/www.uninter.com\/radio\/wp-json\/wp\/v2\/media?parent=35539"}],"wp:term":[{"taxonomy":"category","embeddable":true,"href":"https:\/\/www.uninter.com\/radio\/wp-json\/wp\/v2\/categories?post=35539"},{"taxonomy":"post_tag","embeddable":true,"href":"https:\/\/www.uninter.com\/radio\/wp-json\/wp\/v2\/tags?post=35539"}],"curies":[{"name":"wp","href":"https:\/\/api.w.org\/{rel}","templated":true}]}}