{"id":35524,"date":"2023-07-11T16:00:27","date_gmt":"2023-07-11T19:00:27","guid":{"rendered":"https:\/\/www.uninter.com\/radio\/?p=35524"},"modified":"2023-07-11T16:00:28","modified_gmt":"2023-07-11T19:00:28","slug":"talento-em-foco-conscienciosidade-e-a-conquista-no-mercado-de-trabalho","status":"publish","type":"post","link":"https:\/\/www.uninter.com\/radio\/talento-em-foco-conscienciosidade-e-a-conquista-no-mercado-de-trabalho","title":{"rendered":"Talento em Foco | Conscienciosidade e a conquista no mercado de trabalho"},"content":{"rendered":"\n<figure class=\"wp-block-audio\"><audio controls src=\"https:\/\/www.uninter.com\/radio\/wp-content\/uploads\/2023\/07\/talento-em-foco-03-07-2023.mp3\"><\/audio><\/figure>\n\n\n\n<p>A edi\u00e7\u00e3o do Talento em Foco trata sobre a conscienciosidade e a conquista no mercado de trabalho, voc\u00ea sabe o que \u00e9 isso? Para a conversa contamos com a presen\u00e7a da Barbara Carvalho e da Erika Lotz.<\/p>\n","protected":false},"excerpt":{"rendered":"<p>A edi\u00e7\u00e3o do Talento em Foco trata sobre a conscienciosidade e a conquista no mercado&#8230;<\/p>\n","protected":false},"author":3,"featured_media":31128,"comment_status":"open","ping_status":"open","sticky":false,"template":"","format":"standard","meta":[],"categories":[2723],"tags":[],"_links":{"self":[{"href":"https:\/\/www.uninter.com\/radio\/wp-json\/wp\/v2\/posts\/35524"}],"collection":[{"href":"https:\/\/www.uninter.com\/radio\/wp-json\/wp\/v2\/posts"}],"about":[{"href":"https:\/\/www.uninter.com\/radio\/wp-json\/wp\/v2\/types\/post"}],"author":[{"embeddable":true,"href":"https:\/\/www.uninter.com\/radio\/wp-json\/wp\/v2\/users\/3"}],"replies":[{"embeddable":true,"href":"https:\/\/www.uninter.com\/radio\/wp-json\/wp\/v2\/comments?post=35524"}],"version-history":[{"count":1,"href":"https:\/\/www.uninter.com\/radio\/wp-json\/wp\/v2\/posts\/35524\/revisions"}],"predecessor-version":[{"id":35526,"href":"https:\/\/www.uninter.com\/radio\/wp-json\/wp\/v2\/posts\/35524\/revisions\/35526"}],"wp:featuredmedia":[{"embeddable":true,"href":"https:\/\/www.uninter.com\/radio\/wp-json\/wp\/v2\/media\/31128"}],"wp:attachment":[{"href":"https:\/\/www.uninter.com\/radio\/wp-json\/wp\/v2\/media?parent=35524"}],"wp:term":[{"taxonomy":"category","embeddable":true,"href":"https:\/\/www.uninter.com\/radio\/wp-json\/wp\/v2\/categories?post=35524"},{"taxonomy":"post_tag","embeddable":true,"href":"https:\/\/www.uninter.com\/radio\/wp-json\/wp\/v2\/tags?post=35524"}],"curies":[{"name":"wp","href":"https:\/\/api.w.org\/{rel}","templated":true}]}}