{"id":35512,"date":"2023-07-10T08:43:35","date_gmt":"2023-07-10T11:43:35","guid":{"rendered":"https:\/\/www.uninter.com\/radio\/?p=35512"},"modified":"2023-07-10T08:43:36","modified_gmt":"2023-07-10T11:43:36","slug":"caminho-para-a-saude-o-percurso-de-dirceu-krainski","status":"publish","type":"post","link":"https:\/\/www.uninter.com\/radio\/caminho-para-a-saude-o-percurso-de-dirceu-krainski","title":{"rendered":"Caminho para a Sa\u00fade | O percurso de Dirceu Krainski"},"content":{"rendered":"\n<figure class=\"wp-block-audio\"><audio controls src=\"https:\/\/www.uninter.com\/radio\/wp-content\/uploads\/2023\/07\/caminho-para-a-saude-28-06-2023.mp3\"><\/audio><\/figure>\n\n\n\n<p>O Caminho para a Sa\u00fade de hoje \u00e9 uma edi\u00e7\u00e3o especial que conta a trajet\u00f3ria profissional e pessoal de Dirceu Krainski, de professor a palha\u00e7o, de secret\u00e1rio municipal de Sa\u00fade a parkinsoniano. Com apresenta\u00e7\u00e3o de Evandro Tosin.<\/p>\n","protected":false},"excerpt":{"rendered":"<p>O Caminho para a Sa\u00fade de hoje \u00e9 uma edi\u00e7\u00e3o especial que conta a trajet\u00f3ria&#8230;<\/p>\n","protected":false},"author":3,"featured_media":33715,"comment_status":"open","ping_status":"open","sticky":false,"template":"","format":"standard","meta":[],"categories":[2770],"tags":[],"_links":{"self":[{"href":"https:\/\/www.uninter.com\/radio\/wp-json\/wp\/v2\/posts\/35512"}],"collection":[{"href":"https:\/\/www.uninter.com\/radio\/wp-json\/wp\/v2\/posts"}],"about":[{"href":"https:\/\/www.uninter.com\/radio\/wp-json\/wp\/v2\/types\/post"}],"author":[{"embeddable":true,"href":"https:\/\/www.uninter.com\/radio\/wp-json\/wp\/v2\/users\/3"}],"replies":[{"embeddable":true,"href":"https:\/\/www.uninter.com\/radio\/wp-json\/wp\/v2\/comments?post=35512"}],"version-history":[{"count":1,"href":"https:\/\/www.uninter.com\/radio\/wp-json\/wp\/v2\/posts\/35512\/revisions"}],"predecessor-version":[{"id":35514,"href":"https:\/\/www.uninter.com\/radio\/wp-json\/wp\/v2\/posts\/35512\/revisions\/35514"}],"wp:featuredmedia":[{"embeddable":true,"href":"https:\/\/www.uninter.com\/radio\/wp-json\/wp\/v2\/media\/33715"}],"wp:attachment":[{"href":"https:\/\/www.uninter.com\/radio\/wp-json\/wp\/v2\/media?parent=35512"}],"wp:term":[{"taxonomy":"category","embeddable":true,"href":"https:\/\/www.uninter.com\/radio\/wp-json\/wp\/v2\/categories?post=35512"},{"taxonomy":"post_tag","embeddable":true,"href":"https:\/\/www.uninter.com\/radio\/wp-json\/wp\/v2\/tags?post=35512"}],"curies":[{"name":"wp","href":"https:\/\/api.w.org\/{rel}","templated":true}]}}