{"id":35492,"date":"2023-07-06T17:35:04","date_gmt":"2023-07-06T20:35:04","guid":{"rendered":"https:\/\/www.uninter.com\/radio\/?p=35492"},"modified":"2023-07-06T17:35:05","modified_gmt":"2023-07-06T20:35:05","slug":"inclusao-em-rede-comunicacao-social-haptica","status":"publish","type":"post","link":"https:\/\/www.uninter.com\/radio\/inclusao-em-rede-comunicacao-social-haptica","title":{"rendered":"Inclus\u00e3o em Rede | Comunica\u00e7\u00e3o Social H\u00e1ptica"},"content":{"rendered":"\n<figure class=\"wp-block-audio\"><audio controls src=\"blob:https:\/\/www.uninter.com\/f778d6d3-b4ce-41f7-bb48-76d7032e633f\"><\/audio><\/figure>\n\n\n\n<p>O Inclus\u00e3o em Rede desta semana trata da comunica\u00e7\u00e3o por meio de zonas neutras do corpo de surdocegos. A professora Leomar Marchesini recebe a doutora em Educa\u00e7\u00e3o Elaine Vilela para a conversa. Acompanhe!<\/p>\n","protected":false},"excerpt":{"rendered":"<p>O Inclus\u00e3o em Rede desta semana trata da comunica\u00e7\u00e3o por meio de zonas neutras do&#8230;<\/p>\n","protected":false},"author":3,"featured_media":33698,"comment_status":"open","ping_status":"open","sticky":false,"template":"","format":"standard","meta":[],"categories":[2727],"tags":[],"_links":{"self":[{"href":"https:\/\/www.uninter.com\/radio\/wp-json\/wp\/v2\/posts\/35492"}],"collection":[{"href":"https:\/\/www.uninter.com\/radio\/wp-json\/wp\/v2\/posts"}],"about":[{"href":"https:\/\/www.uninter.com\/radio\/wp-json\/wp\/v2\/types\/post"}],"author":[{"embeddable":true,"href":"https:\/\/www.uninter.com\/radio\/wp-json\/wp\/v2\/users\/3"}],"replies":[{"embeddable":true,"href":"https:\/\/www.uninter.com\/radio\/wp-json\/wp\/v2\/comments?post=35492"}],"version-history":[{"count":2,"href":"https:\/\/www.uninter.com\/radio\/wp-json\/wp\/v2\/posts\/35492\/revisions"}],"predecessor-version":[{"id":35495,"href":"https:\/\/www.uninter.com\/radio\/wp-json\/wp\/v2\/posts\/35492\/revisions\/35495"}],"wp:featuredmedia":[{"embeddable":true,"href":"https:\/\/www.uninter.com\/radio\/wp-json\/wp\/v2\/media\/33698"}],"wp:attachment":[{"href":"https:\/\/www.uninter.com\/radio\/wp-json\/wp\/v2\/media?parent=35492"}],"wp:term":[{"taxonomy":"category","embeddable":true,"href":"https:\/\/www.uninter.com\/radio\/wp-json\/wp\/v2\/categories?post=35492"},{"taxonomy":"post_tag","embeddable":true,"href":"https:\/\/www.uninter.com\/radio\/wp-json\/wp\/v2\/tags?post=35492"}],"curies":[{"name":"wp","href":"https:\/\/api.w.org\/{rel}","templated":true}]}}