{"id":35477,"date":"2023-07-06T17:20:12","date_gmt":"2023-07-06T20:20:12","guid":{"rendered":"https:\/\/www.uninter.com\/radio\/?p=35477"},"modified":"2023-07-06T17:20:13","modified_gmt":"2023-07-06T20:20:13","slug":"chave-interdisciplinar-qualidade-na-educacao-ou-educacao-de-qualidade","status":"publish","type":"post","link":"https:\/\/www.uninter.com\/radio\/chave-interdisciplinar-qualidade-na-educacao-ou-educacao-de-qualidade","title":{"rendered":"Chave Interdisciplinar | Qualidade na educa\u00e7\u00e3o ou educa\u00e7\u00e3o de qualidade?"},"content":{"rendered":"\n<figure class=\"wp-block-audio\"><audio controls src=\"https:\/\/www.uninter.com\/radio\/wp-content\/uploads\/2023\/07\/chave-22-06-2023.mp3\"><\/audio><\/figure>\n\n\n\n<p>Vamos debater, entre profissionais e acad\u00eamicos, diversas tem\u00e1ticas contempor\u00e2neas que permeiam o contexto da educa\u00e7\u00e3o. Com as professoras Kellin Cristina Melchior Inoc\u00eancio, Vanessa Queiros Alves e Jucimara de Barros Bandeira.<\/p>\n","protected":false},"excerpt":{"rendered":"<p>Vamos debater, entre profissionais e acad\u00eamicos, diversas tem\u00e1ticas contempor\u00e2neas que permeiam o contexto da educa\u00e7\u00e3o&#8230;.<\/p>\n","protected":false},"author":3,"featured_media":31168,"comment_status":"open","ping_status":"open","sticky":false,"template":"","format":"standard","meta":[],"categories":[2735],"tags":[],"_links":{"self":[{"href":"https:\/\/www.uninter.com\/radio\/wp-json\/wp\/v2\/posts\/35477"}],"collection":[{"href":"https:\/\/www.uninter.com\/radio\/wp-json\/wp\/v2\/posts"}],"about":[{"href":"https:\/\/www.uninter.com\/radio\/wp-json\/wp\/v2\/types\/post"}],"author":[{"embeddable":true,"href":"https:\/\/www.uninter.com\/radio\/wp-json\/wp\/v2\/users\/3"}],"replies":[{"embeddable":true,"href":"https:\/\/www.uninter.com\/radio\/wp-json\/wp\/v2\/comments?post=35477"}],"version-history":[{"count":1,"href":"https:\/\/www.uninter.com\/radio\/wp-json\/wp\/v2\/posts\/35477\/revisions"}],"predecessor-version":[{"id":35479,"href":"https:\/\/www.uninter.com\/radio\/wp-json\/wp\/v2\/posts\/35477\/revisions\/35479"}],"wp:featuredmedia":[{"embeddable":true,"href":"https:\/\/www.uninter.com\/radio\/wp-json\/wp\/v2\/media\/31168"}],"wp:attachment":[{"href":"https:\/\/www.uninter.com\/radio\/wp-json\/wp\/v2\/media?parent=35477"}],"wp:term":[{"taxonomy":"category","embeddable":true,"href":"https:\/\/www.uninter.com\/radio\/wp-json\/wp\/v2\/categories?post=35477"},{"taxonomy":"post_tag","embeddable":true,"href":"https:\/\/www.uninter.com\/radio\/wp-json\/wp\/v2\/tags?post=35477"}],"curies":[{"name":"wp","href":"https:\/\/api.w.org\/{rel}","templated":true}]}}