{"id":35474,"date":"2023-07-06T17:17:31","date_gmt":"2023-07-06T20:17:31","guid":{"rendered":"https:\/\/www.uninter.com\/radio\/?p=35474"},"modified":"2023-07-06T17:17:32","modified_gmt":"2023-07-06T20:17:32","slug":"cafe-e-conhecimento-limbo-juridico-previdenciario","status":"publish","type":"post","link":"https:\/\/www.uninter.com\/radio\/cafe-e-conhecimento-limbo-juridico-previdenciario","title":{"rendered":"Caf\u00e9 e Conhecimento | Limbo jur\u00eddico previdenci\u00e1rio"},"content":{"rendered":"\n<figure class=\"wp-block-audio\"><audio controls src=\"https:\/\/www.uninter.com\/radio\/wp-content\/uploads\/2023\/07\/cafe-21-06-2023.mp3\"><\/audio><\/figure>\n\n\n\n<p>A edi\u00e7\u00e3o desta semana une o direito trabalhista e previdenci\u00e1rio para amenizar os danos \u00e0s empresas. A professora Daniele Farinhas recebe as advogadas Polyana La\u00eds Majewski Caggiano (especialista em Direito e Processo do Trabalho) e Marcela Cristina Martins Almeida (especialista em Direito do Trabalho e Previdenci\u00e1rio) para a conversa.<\/p>\n","protected":false},"excerpt":{"rendered":"<p>A edi\u00e7\u00e3o desta semana une o direito trabalhista e previdenci\u00e1rio para amenizar os danos \u00e0s&#8230;<\/p>\n","protected":false},"author":3,"featured_media":33850,"comment_status":"open","ping_status":"open","sticky":false,"template":"","format":"standard","meta":[],"categories":[2839],"tags":[],"_links":{"self":[{"href":"https:\/\/www.uninter.com\/radio\/wp-json\/wp\/v2\/posts\/35474"}],"collection":[{"href":"https:\/\/www.uninter.com\/radio\/wp-json\/wp\/v2\/posts"}],"about":[{"href":"https:\/\/www.uninter.com\/radio\/wp-json\/wp\/v2\/types\/post"}],"author":[{"embeddable":true,"href":"https:\/\/www.uninter.com\/radio\/wp-json\/wp\/v2\/users\/3"}],"replies":[{"embeddable":true,"href":"https:\/\/www.uninter.com\/radio\/wp-json\/wp\/v2\/comments?post=35474"}],"version-history":[{"count":1,"href":"https:\/\/www.uninter.com\/radio\/wp-json\/wp\/v2\/posts\/35474\/revisions"}],"predecessor-version":[{"id":35476,"href":"https:\/\/www.uninter.com\/radio\/wp-json\/wp\/v2\/posts\/35474\/revisions\/35476"}],"wp:featuredmedia":[{"embeddable":true,"href":"https:\/\/www.uninter.com\/radio\/wp-json\/wp\/v2\/media\/33850"}],"wp:attachment":[{"href":"https:\/\/www.uninter.com\/radio\/wp-json\/wp\/v2\/media?parent=35474"}],"wp:term":[{"taxonomy":"category","embeddable":true,"href":"https:\/\/www.uninter.com\/radio\/wp-json\/wp\/v2\/categories?post=35474"},{"taxonomy":"post_tag","embeddable":true,"href":"https:\/\/www.uninter.com\/radio\/wp-json\/wp\/v2\/tags?post=35474"}],"curies":[{"name":"wp","href":"https:\/\/api.w.org\/{rel}","templated":true}]}}