{"id":35471,"date":"2023-07-06T17:15:09","date_gmt":"2023-07-06T20:15:09","guid":{"rendered":"https:\/\/www.uninter.com\/radio\/?p=35471"},"modified":"2023-07-06T17:15:10","modified_gmt":"2023-07-06T20:15:10","slug":"atualidades-da-educacao-o-uso-da-ia-generativa-na-pesquisa","status":"publish","type":"post","link":"https:\/\/www.uninter.com\/radio\/atualidades-da-educacao-o-uso-da-ia-generativa-na-pesquisa","title":{"rendered":"Atualidades da Educa\u00e7\u00e3o | O uso da IA generativa na pesquisa"},"content":{"rendered":"\n<figure class=\"wp-block-audio\"><audio controls src=\"https:\/\/www.uninter.com\/radio\/wp-content\/uploads\/2023\/07\/atualidades-da-educacao-21-06-2023.mp3\"><\/audio><\/figure>\n\n\n\n<p>O Atualidades da Educa\u00e7\u00e3o desta semana recebe os professores Neri dos Santos, Andr\u00e9 Guerra e Luis Fernando Lopes para falarem do uso da intelig\u00eancia artificial generativa na pesquisa. Com apresenta\u00e7\u00e3o de Alvino Moser, a transmiss\u00e3o inicia \u00e0s 17h aqui na R\u00e1dio Uninter, a r\u00e1dio que toca conhecimento.<\/p>\n","protected":false},"excerpt":{"rendered":"<p>O Atualidades da Educa\u00e7\u00e3o desta semana recebe os professores Neri dos Santos, Andr\u00e9 Guerra e&#8230;<\/p>\n","protected":false},"author":3,"featured_media":33674,"comment_status":"open","ping_status":"open","sticky":false,"template":"","format":"standard","meta":[],"categories":[2760],"tags":[],"_links":{"self":[{"href":"https:\/\/www.uninter.com\/radio\/wp-json\/wp\/v2\/posts\/35471"}],"collection":[{"href":"https:\/\/www.uninter.com\/radio\/wp-json\/wp\/v2\/posts"}],"about":[{"href":"https:\/\/www.uninter.com\/radio\/wp-json\/wp\/v2\/types\/post"}],"author":[{"embeddable":true,"href":"https:\/\/www.uninter.com\/radio\/wp-json\/wp\/v2\/users\/3"}],"replies":[{"embeddable":true,"href":"https:\/\/www.uninter.com\/radio\/wp-json\/wp\/v2\/comments?post=35471"}],"version-history":[{"count":1,"href":"https:\/\/www.uninter.com\/radio\/wp-json\/wp\/v2\/posts\/35471\/revisions"}],"predecessor-version":[{"id":35473,"href":"https:\/\/www.uninter.com\/radio\/wp-json\/wp\/v2\/posts\/35471\/revisions\/35473"}],"wp:featuredmedia":[{"embeddable":true,"href":"https:\/\/www.uninter.com\/radio\/wp-json\/wp\/v2\/media\/33674"}],"wp:attachment":[{"href":"https:\/\/www.uninter.com\/radio\/wp-json\/wp\/v2\/media?parent=35471"}],"wp:term":[{"taxonomy":"category","embeddable":true,"href":"https:\/\/www.uninter.com\/radio\/wp-json\/wp\/v2\/categories?post=35471"},{"taxonomy":"post_tag","embeddable":true,"href":"https:\/\/www.uninter.com\/radio\/wp-json\/wp\/v2\/tags?post=35471"}],"curies":[{"name":"wp","href":"https:\/\/api.w.org\/{rel}","templated":true}]}}