{"id":35444,"date":"2023-07-04T15:48:22","date_gmt":"2023-07-04T18:48:22","guid":{"rendered":"https:\/\/www.uninter.com\/radio\/?p=35444"},"modified":"2023-07-04T15:48:23","modified_gmt":"2023-07-04T18:48:23","slug":"conversa-com-o-reitor-1a-semana-de-linguas-uninter","status":"publish","type":"post","link":"https:\/\/www.uninter.com\/radio\/conversa-com-o-reitor-1a-semana-de-linguas-uninter","title":{"rendered":"Conversa com o Reitor | 1\u00aa Semana de L\u00ednguas Uninter"},"content":{"rendered":"\n<figure class=\"wp-block-audio\"><audio controls src=\"https:\/\/www.uninter.com\/radio\/wp-content\/uploads\/2023\/07\/conversa-com-o-reitor-16-06-2023.mp3\"><\/audio><\/figure>\n\n\n\n<p>O Conversa com o Reitor apresenta a 1\u00aa Semana de L\u00ednguas da Uninter, um evento com foco na pr\u00e1tica e intera\u00e7\u00e3o entre v\u00e1rios idiomas. Benhur Gaio recebe o diretor da Escola Superior de L\u00ednguas, Jeferson Ferro, e o tutor do curso de Libras, Jonatas Medeiros, para a conversa.<\/p>\n","protected":false},"excerpt":{"rendered":"<p>O Conversa com o Reitor apresenta a 1\u00aa Semana de L\u00ednguas da Uninter, um evento&#8230;<\/p>\n","protected":false},"author":3,"featured_media":31088,"comment_status":"open","ping_status":"open","sticky":false,"template":"","format":"standard","meta":[],"categories":[2724],"tags":[],"_links":{"self":[{"href":"https:\/\/www.uninter.com\/radio\/wp-json\/wp\/v2\/posts\/35444"}],"collection":[{"href":"https:\/\/www.uninter.com\/radio\/wp-json\/wp\/v2\/posts"}],"about":[{"href":"https:\/\/www.uninter.com\/radio\/wp-json\/wp\/v2\/types\/post"}],"author":[{"embeddable":true,"href":"https:\/\/www.uninter.com\/radio\/wp-json\/wp\/v2\/users\/3"}],"replies":[{"embeddable":true,"href":"https:\/\/www.uninter.com\/radio\/wp-json\/wp\/v2\/comments?post=35444"}],"version-history":[{"count":1,"href":"https:\/\/www.uninter.com\/radio\/wp-json\/wp\/v2\/posts\/35444\/revisions"}],"predecessor-version":[{"id":35446,"href":"https:\/\/www.uninter.com\/radio\/wp-json\/wp\/v2\/posts\/35444\/revisions\/35446"}],"wp:featuredmedia":[{"embeddable":true,"href":"https:\/\/www.uninter.com\/radio\/wp-json\/wp\/v2\/media\/31088"}],"wp:attachment":[{"href":"https:\/\/www.uninter.com\/radio\/wp-json\/wp\/v2\/media?parent=35444"}],"wp:term":[{"taxonomy":"category","embeddable":true,"href":"https:\/\/www.uninter.com\/radio\/wp-json\/wp\/v2\/categories?post=35444"},{"taxonomy":"post_tag","embeddable":true,"href":"https:\/\/www.uninter.com\/radio\/wp-json\/wp\/v2\/tags?post=35444"}],"curies":[{"name":"wp","href":"https:\/\/api.w.org\/{rel}","templated":true}]}}