{"id":35398,"date":"2023-06-30T16:55:45","date_gmt":"2023-06-30T19:55:45","guid":{"rendered":"https:\/\/www.uninter.com\/radio\/?p=35398"},"modified":"2023-06-30T17:20:05","modified_gmt":"2023-06-30T20:20:05","slug":"conheca-seu-direito-esg-o-que-e-na-pratica-e-qual-o-papel-do-direito","status":"publish","type":"post","link":"https:\/\/www.uninter.com\/radio\/conheca-seu-direito-esg-o-que-e-na-pratica-e-qual-o-papel-do-direito","title":{"rendered":"Conhe\u00e7a seu Direito | ESG: O que \u00e9 na pr\u00e1tica e qual o papel do Direito?"},"content":{"rendered":"\n<figure class=\"wp-block-audio\"><audio controls src=\"https:\/\/www.uninter.com\/radio\/wp-content\/uploads\/2023\/06\/conheca-seu-direito-05-06-2023.mp3\"><\/audio><\/figure>\n\n\n\n<p>ESG \u00e9 um conceito que representa a integra\u00e7\u00e3o de crit\u00e9rios ambientais, sociais e de governan\u00e7a nas pr\u00e1ticas empresariais. Nesse contexto, o papel do direito \u00e9 fundamental, j\u00e1 que atua como um instrumento regulador, estabelecendo normas e padr\u00f5es que orientam as empresas na ado\u00e7\u00e3o dessas pr\u00e1ticas. <\/p>\n\n\n\n<p>O Conhe\u00e7a seu Direito trata da tem\u00e1tica. O doutorando em Pol\u00edticas P\u00fablicas Lucas Teider \u00e9 o convidado dos professores Priscilla Bortolotto Ribeiro e Silvano Alcantara.<\/p>\n","protected":false},"excerpt":{"rendered":"<p>ESG \u00e9 um conceito que representa a integra\u00e7\u00e3o de crit\u00e9rios ambientais, sociais e de governan\u00e7a&#8230;<\/p>\n","protected":false},"author":3,"featured_media":33660,"comment_status":"open","ping_status":"open","sticky":false,"template":"","format":"standard","meta":[],"categories":[2703],"tags":[],"_links":{"self":[{"href":"https:\/\/www.uninter.com\/radio\/wp-json\/wp\/v2\/posts\/35398"}],"collection":[{"href":"https:\/\/www.uninter.com\/radio\/wp-json\/wp\/v2\/posts"}],"about":[{"href":"https:\/\/www.uninter.com\/radio\/wp-json\/wp\/v2\/types\/post"}],"author":[{"embeddable":true,"href":"https:\/\/www.uninter.com\/radio\/wp-json\/wp\/v2\/users\/3"}],"replies":[{"embeddable":true,"href":"https:\/\/www.uninter.com\/radio\/wp-json\/wp\/v2\/comments?post=35398"}],"version-history":[{"count":2,"href":"https:\/\/www.uninter.com\/radio\/wp-json\/wp\/v2\/posts\/35398\/revisions"}],"predecessor-version":[{"id":35401,"href":"https:\/\/www.uninter.com\/radio\/wp-json\/wp\/v2\/posts\/35398\/revisions\/35401"}],"wp:featuredmedia":[{"embeddable":true,"href":"https:\/\/www.uninter.com\/radio\/wp-json\/wp\/v2\/media\/33660"}],"wp:attachment":[{"href":"https:\/\/www.uninter.com\/radio\/wp-json\/wp\/v2\/media?parent=35398"}],"wp:term":[{"taxonomy":"category","embeddable":true,"href":"https:\/\/www.uninter.com\/radio\/wp-json\/wp\/v2\/categories?post=35398"},{"taxonomy":"post_tag","embeddable":true,"href":"https:\/\/www.uninter.com\/radio\/wp-json\/wp\/v2\/tags?post=35398"}],"curies":[{"name":"wp","href":"https:\/\/api.w.org\/{rel}","templated":true}]}}