{"id":35394,"date":"2023-06-30T11:14:26","date_gmt":"2023-06-30T14:14:26","guid":{"rendered":"https:\/\/www.uninter.com\/radio\/?p=35394"},"modified":"2023-06-30T11:14:27","modified_gmt":"2023-06-30T14:14:27","slug":"inclusao-em-rede-um-bate-papo-sobre-inclusao-e-politica-nacional-da-educacao-especial","status":"publish","type":"post","link":"https:\/\/www.uninter.com\/radio\/inclusao-em-rede-um-bate-papo-sobre-inclusao-e-politica-nacional-da-educacao-especial","title":{"rendered":"Inclus\u00e3o em Rede | Um bate-papo sobre inclus\u00e3o e pol\u00edtica nacional da educa\u00e7\u00e3o especial"},"content":{"rendered":"\n<figure class=\"wp-block-audio\"><audio controls src=\"blob:https:\/\/www.uninter.com\/43bdde75-b62f-47d8-9c10-6c6bfe5ede25\"><\/audio><\/figure>\n\n\n\n<p>No Inclus\u00e3o em Rede dessa semana acompanhamos uma conversa sobre a pol\u00edtica nacional da educa\u00e7\u00e3o especial. Para a conversa, Leomar Marchesini recebe o professor Carlos Eduardo Frederico.<\/p>\n","protected":false},"excerpt":{"rendered":"<p>No Inclus\u00e3o em Rede dessa semana acompanhamos uma conversa sobre a pol\u00edtica nacional da educa\u00e7\u00e3o&#8230;<\/p>\n","protected":false},"author":3,"featured_media":33698,"comment_status":"open","ping_status":"open","sticky":false,"template":"","format":"standard","meta":[],"categories":[2727],"tags":[],"_links":{"self":[{"href":"https:\/\/www.uninter.com\/radio\/wp-json\/wp\/v2\/posts\/35394"}],"collection":[{"href":"https:\/\/www.uninter.com\/radio\/wp-json\/wp\/v2\/posts"}],"about":[{"href":"https:\/\/www.uninter.com\/radio\/wp-json\/wp\/v2\/types\/post"}],"author":[{"embeddable":true,"href":"https:\/\/www.uninter.com\/radio\/wp-json\/wp\/v2\/users\/3"}],"replies":[{"embeddable":true,"href":"https:\/\/www.uninter.com\/radio\/wp-json\/wp\/v2\/comments?post=35394"}],"version-history":[{"count":2,"href":"https:\/\/www.uninter.com\/radio\/wp-json\/wp\/v2\/posts\/35394\/revisions"}],"predecessor-version":[{"id":35397,"href":"https:\/\/www.uninter.com\/radio\/wp-json\/wp\/v2\/posts\/35394\/revisions\/35397"}],"wp:featuredmedia":[{"embeddable":true,"href":"https:\/\/www.uninter.com\/radio\/wp-json\/wp\/v2\/media\/33698"}],"wp:attachment":[{"href":"https:\/\/www.uninter.com\/radio\/wp-json\/wp\/v2\/media?parent=35394"}],"wp:term":[{"taxonomy":"category","embeddable":true,"href":"https:\/\/www.uninter.com\/radio\/wp-json\/wp\/v2\/categories?post=35394"},{"taxonomy":"post_tag","embeddable":true,"href":"https:\/\/www.uninter.com\/radio\/wp-json\/wp\/v2\/tags?post=35394"}],"curies":[{"name":"wp","href":"https:\/\/api.w.org\/{rel}","templated":true}]}}