{"id":35388,"date":"2023-06-30T11:05:57","date_gmt":"2023-06-30T14:05:57","guid":{"rendered":"https:\/\/www.uninter.com\/radio\/?p=35388"},"modified":"2023-06-30T11:05:58","modified_gmt":"2023-06-30T14:05:58","slug":"conversa-com-o-reitor-simpos-dedica-5-dias-para-debater-empregabilidade-na-cultura-digital","status":"publish","type":"post","link":"https:\/\/www.uninter.com\/radio\/conversa-com-o-reitor-simpos-dedica-5-dias-para-debater-empregabilidade-na-cultura-digital","title":{"rendered":"Conversa com o Reitor | SIMP\u00d3S dedica 5 dias para debater empregabilidade na cultura digital"},"content":{"rendered":"\n<figure class=\"wp-block-audio\"><audio controls src=\"blob:https:\/\/www.uninter.com\/9559ab9b-ae2f-4745-a4d6-20a071d547d3\"><\/audio><\/figure>\n\n\n\n<p>Dos dias 12 a 16 junho acontece o II SIMP\u00d3S, o Simp\u00f3sio da P\u00f3s-Gradua\u00e7\u00e3o. Neste ano, o evento fala sobre a import\u00e2ncia dos cursos de especializa\u00e7\u00e3o para se manter bem atualizado na profiss\u00e3o e garantir a empregabilidade diante de um cen\u00e1rio de crise. Vamos trazer mais informa\u00e7\u00f5es no Conversa com o Reitor, e para o bate-papo, Benhur Gaio recebe Talita Cabral e Joice Diaz, coordenadoras de cursos de p\u00f3s-gradua\u00e7\u00e3o e organizadoras do evento.<\/p>\n","protected":false},"excerpt":{"rendered":"<p>Dos dias 12 a 16 junho acontece o II SIMP\u00d3S, o Simp\u00f3sio da P\u00f3s-Gradua\u00e7\u00e3o. Neste&#8230;<\/p>\n","protected":false},"author":3,"featured_media":31088,"comment_status":"open","ping_status":"open","sticky":false,"template":"","format":"standard","meta":[],"categories":[2724],"tags":[],"_links":{"self":[{"href":"https:\/\/www.uninter.com\/radio\/wp-json\/wp\/v2\/posts\/35388"}],"collection":[{"href":"https:\/\/www.uninter.com\/radio\/wp-json\/wp\/v2\/posts"}],"about":[{"href":"https:\/\/www.uninter.com\/radio\/wp-json\/wp\/v2\/types\/post"}],"author":[{"embeddable":true,"href":"https:\/\/www.uninter.com\/radio\/wp-json\/wp\/v2\/users\/3"}],"replies":[{"embeddable":true,"href":"https:\/\/www.uninter.com\/radio\/wp-json\/wp\/v2\/comments?post=35388"}],"version-history":[{"count":1,"href":"https:\/\/www.uninter.com\/radio\/wp-json\/wp\/v2\/posts\/35388\/revisions"}],"predecessor-version":[{"id":35389,"href":"https:\/\/www.uninter.com\/radio\/wp-json\/wp\/v2\/posts\/35388\/revisions\/35389"}],"wp:featuredmedia":[{"embeddable":true,"href":"https:\/\/www.uninter.com\/radio\/wp-json\/wp\/v2\/media\/31088"}],"wp:attachment":[{"href":"https:\/\/www.uninter.com\/radio\/wp-json\/wp\/v2\/media?parent=35388"}],"wp:term":[{"taxonomy":"category","embeddable":true,"href":"https:\/\/www.uninter.com\/radio\/wp-json\/wp\/v2\/categories?post=35388"},{"taxonomy":"post_tag","embeddable":true,"href":"https:\/\/www.uninter.com\/radio\/wp-json\/wp\/v2\/tags?post=35388"}],"curies":[{"name":"wp","href":"https:\/\/api.w.org\/{rel}","templated":true}]}}