{"id":35357,"date":"2023-06-01T10:28:57","date_gmt":"2023-06-01T13:28:57","guid":{"rendered":"https:\/\/www.uninter.com\/radio\/?p=35357"},"modified":"2023-06-01T10:28:58","modified_gmt":"2023-06-01T13:28:58","slug":"conversa-com-o-reitor-pesquisa-da-uninter-mobiliza-6-mil-alunos-e-professores-em-9-anos","status":"publish","type":"post","link":"https:\/\/www.uninter.com\/radio\/conversa-com-o-reitor-pesquisa-da-uninter-mobiliza-6-mil-alunos-e-professores-em-9-anos","title":{"rendered":"Conversa com o Reitor | Pesquisa da Uninter mobiliza 6 mil alunos e professores em 9 anos"},"content":{"rendered":"\n<figure class=\"wp-block-audio\"><audio controls src=\"blob:https:\/\/www.uninter.com\/fa160ac7-de3b-49a5-bcf6-c7db8f538986\"><\/audio><\/figure>\n\n\n\n<p>A Uninter \u00e9 refer\u00eancia em educa\u00e7\u00e3o e pesquisa acad\u00eamica. Em nove anos, a institui\u00e7\u00e3o mobilizou 6,7 mil alunos e professores em diversos grupos tem\u00e1ticos de pesquisa nas diferentes esferas do conhecimento. O programa Conversa com o Reitor apresenta a \u00e1rea de Pesquisa, Inicia\u00e7\u00e3o Cient\u00edfica e Publica\u00e7\u00f5es Acad\u00eamicas, e para isso, Benhur Gaio recebe Desire Dominschek, coordenadora do departamento, e Cl\u00f3vis C\u00e9zar Pedrini, egresso do curso de Jornalismo e doutorando em comunica\u00e7\u00e3o.<\/p>\n","protected":false},"excerpt":{"rendered":"<p>A Uninter \u00e9 refer\u00eancia em educa\u00e7\u00e3o e pesquisa acad\u00eamica. Em nove anos, a institui\u00e7\u00e3o mobilizou&#8230;<\/p>\n","protected":false},"author":3,"featured_media":31088,"comment_status":"open","ping_status":"open","sticky":false,"template":"","format":"standard","meta":[],"categories":[2724],"tags":[],"_links":{"self":[{"href":"https:\/\/www.uninter.com\/radio\/wp-json\/wp\/v2\/posts\/35357"}],"collection":[{"href":"https:\/\/www.uninter.com\/radio\/wp-json\/wp\/v2\/posts"}],"about":[{"href":"https:\/\/www.uninter.com\/radio\/wp-json\/wp\/v2\/types\/post"}],"author":[{"embeddable":true,"href":"https:\/\/www.uninter.com\/radio\/wp-json\/wp\/v2\/users\/3"}],"replies":[{"embeddable":true,"href":"https:\/\/www.uninter.com\/radio\/wp-json\/wp\/v2\/comments?post=35357"}],"version-history":[{"count":1,"href":"https:\/\/www.uninter.com\/radio\/wp-json\/wp\/v2\/posts\/35357\/revisions"}],"predecessor-version":[{"id":35358,"href":"https:\/\/www.uninter.com\/radio\/wp-json\/wp\/v2\/posts\/35357\/revisions\/35358"}],"wp:featuredmedia":[{"embeddable":true,"href":"https:\/\/www.uninter.com\/radio\/wp-json\/wp\/v2\/media\/31088"}],"wp:attachment":[{"href":"https:\/\/www.uninter.com\/radio\/wp-json\/wp\/v2\/media?parent=35357"}],"wp:term":[{"taxonomy":"category","embeddable":true,"href":"https:\/\/www.uninter.com\/radio\/wp-json\/wp\/v2\/categories?post=35357"},{"taxonomy":"post_tag","embeddable":true,"href":"https:\/\/www.uninter.com\/radio\/wp-json\/wp\/v2\/tags?post=35357"}],"curies":[{"name":"wp","href":"https:\/\/api.w.org\/{rel}","templated":true}]}}