{"id":35354,"date":"2023-06-01T10:21:14","date_gmt":"2023-06-01T13:21:14","guid":{"rendered":"https:\/\/www.uninter.com\/radio\/?p=35354"},"modified":"2023-06-01T10:21:15","modified_gmt":"2023-06-01T13:21:15","slug":"diversos-da-pos-dia-mundial-do-meio-ambiente","status":"publish","type":"post","link":"https:\/\/www.uninter.com\/radio\/diversos-da-pos-dia-mundial-do-meio-ambiente","title":{"rendered":"Diversos da P\u00f3s | Dia Mundial do Meio Ambiente"},"content":{"rendered":"\n<figure class=\"wp-block-audio\"><audio controls src=\"https:\/\/www.uninter.com\/radio\/wp-content\/uploads\/2023\/06\/diversos-da-pos-25-05-2023.mp3\"><\/audio><\/figure>\n\n\n\n<p>Este ano, o Dia Mundial do Meio Ambiente (05\/06), tem como meta combater a polui\u00e7\u00e3o pl\u00e1stica, uma das mais graves amea\u00e7as para o planeta e para nossa sa\u00fade. A campanha para o Dia Mundial do Meio Ambiente 2023 usar\u00e1 a hashtag e o slogan <a href=\"https:\/\/www.youtube.com\/hashtag\/combataapolui%C3%A7%C3%A3opl%C3%A1stica\">#CombataAPolui\u00e7\u00e3oPl\u00e1stica<\/a>. Vamos falar sobre este tema no Diversos da P\u00f3s, e para a conversa, Marcia Kravetz recebe as professoras Sandra Lopes e Luiza Teodoro Leite.<\/p>\n","protected":false},"excerpt":{"rendered":"<p>Este ano, o Dia Mundial do Meio Ambiente (05\/06), tem como meta combater a polui\u00e7\u00e3o&#8230;<\/p>\n","protected":false},"author":3,"featured_media":34178,"comment_status":"open","ping_status":"open","sticky":false,"template":"","format":"standard","meta":[],"categories":[2704],"tags":[],"_links":{"self":[{"href":"https:\/\/www.uninter.com\/radio\/wp-json\/wp\/v2\/posts\/35354"}],"collection":[{"href":"https:\/\/www.uninter.com\/radio\/wp-json\/wp\/v2\/posts"}],"about":[{"href":"https:\/\/www.uninter.com\/radio\/wp-json\/wp\/v2\/types\/post"}],"author":[{"embeddable":true,"href":"https:\/\/www.uninter.com\/radio\/wp-json\/wp\/v2\/users\/3"}],"replies":[{"embeddable":true,"href":"https:\/\/www.uninter.com\/radio\/wp-json\/wp\/v2\/comments?post=35354"}],"version-history":[{"count":1,"href":"https:\/\/www.uninter.com\/radio\/wp-json\/wp\/v2\/posts\/35354\/revisions"}],"predecessor-version":[{"id":35356,"href":"https:\/\/www.uninter.com\/radio\/wp-json\/wp\/v2\/posts\/35354\/revisions\/35356"}],"wp:featuredmedia":[{"embeddable":true,"href":"https:\/\/www.uninter.com\/radio\/wp-json\/wp\/v2\/media\/34178"}],"wp:attachment":[{"href":"https:\/\/www.uninter.com\/radio\/wp-json\/wp\/v2\/media?parent=35354"}],"wp:term":[{"taxonomy":"category","embeddable":true,"href":"https:\/\/www.uninter.com\/radio\/wp-json\/wp\/v2\/categories?post=35354"},{"taxonomy":"post_tag","embeddable":true,"href":"https:\/\/www.uninter.com\/radio\/wp-json\/wp\/v2\/tags?post=35354"}],"curies":[{"name":"wp","href":"https:\/\/api.w.org\/{rel}","templated":true}]}}