{"id":35351,"date":"2023-06-01T10:19:01","date_gmt":"2023-06-01T13:19:01","guid":{"rendered":"https:\/\/www.uninter.com\/radio\/?p=35351"},"modified":"2023-06-01T10:19:02","modified_gmt":"2023-06-01T13:19:02","slug":"chave-interdisciplinar-neurociencia-e-espiritualidade","status":"publish","type":"post","link":"https:\/\/www.uninter.com\/radio\/chave-interdisciplinar-neurociencia-e-espiritualidade","title":{"rendered":"Chave Interdisciplinar | Neuroci\u00eancia e espiritualidade"},"content":{"rendered":"\n<figure class=\"wp-block-audio\"><audio controls src=\"https:\/\/www.uninter.com\/radio\/wp-content\/uploads\/2023\/06\/chave-25-05-2023.mp3\"><\/audio><\/figure>\n\n\n\n<p>H\u00e1 possibilidade de estudar a espiritualidade sob o ponto de vista da ci\u00eancia? H\u00e1 evid\u00eancias neurol\u00f3gicas da experi\u00eancia religiosa no ser humano? Nesta edi\u00e7\u00e3o do Chave Interdisciplinar vamos procurar compreender como a neuroci\u00eancia se relaciona com a espiritualidade. Para a conversa recebemos os professores C\u00edcero Manoel Bezerra, Adriano Lima e V\u00e2nia Ferro.<\/p>\n","protected":false},"excerpt":{"rendered":"<p>H\u00e1 possibilidade de estudar a espiritualidade sob o ponto de vista da ci\u00eancia? H\u00e1 evid\u00eancias&#8230;<\/p>\n","protected":false},"author":3,"featured_media":33668,"comment_status":"open","ping_status":"open","sticky":false,"template":"","format":"standard","meta":[],"categories":[2735],"tags":[],"_links":{"self":[{"href":"https:\/\/www.uninter.com\/radio\/wp-json\/wp\/v2\/posts\/35351"}],"collection":[{"href":"https:\/\/www.uninter.com\/radio\/wp-json\/wp\/v2\/posts"}],"about":[{"href":"https:\/\/www.uninter.com\/radio\/wp-json\/wp\/v2\/types\/post"}],"author":[{"embeddable":true,"href":"https:\/\/www.uninter.com\/radio\/wp-json\/wp\/v2\/users\/3"}],"replies":[{"embeddable":true,"href":"https:\/\/www.uninter.com\/radio\/wp-json\/wp\/v2\/comments?post=35351"}],"version-history":[{"count":1,"href":"https:\/\/www.uninter.com\/radio\/wp-json\/wp\/v2\/posts\/35351\/revisions"}],"predecessor-version":[{"id":35353,"href":"https:\/\/www.uninter.com\/radio\/wp-json\/wp\/v2\/posts\/35351\/revisions\/35353"}],"wp:featuredmedia":[{"embeddable":true,"href":"https:\/\/www.uninter.com\/radio\/wp-json\/wp\/v2\/media\/33668"}],"wp:attachment":[{"href":"https:\/\/www.uninter.com\/radio\/wp-json\/wp\/v2\/media?parent=35351"}],"wp:term":[{"taxonomy":"category","embeddable":true,"href":"https:\/\/www.uninter.com\/radio\/wp-json\/wp\/v2\/categories?post=35351"},{"taxonomy":"post_tag","embeddable":true,"href":"https:\/\/www.uninter.com\/radio\/wp-json\/wp\/v2\/tags?post=35351"}],"curies":[{"name":"wp","href":"https:\/\/api.w.org\/{rel}","templated":true}]}}