{"id":35345,"date":"2023-06-01T10:14:17","date_gmt":"2023-06-01T13:14:17","guid":{"rendered":"https:\/\/www.uninter.com\/radio\/?p=35345"},"modified":"2023-06-01T10:14:19","modified_gmt":"2023-06-01T13:14:19","slug":"cafe-e-conhecimento-internacionalizacao-da-educacao","status":"publish","type":"post","link":"https:\/\/www.uninter.com\/radio\/cafe-e-conhecimento-internacionalizacao-da-educacao","title":{"rendered":"Caf\u00e9 e Conhecimento | Internacionaliza\u00e7\u00e3o da educa\u00e7\u00e3o"},"content":{"rendered":"\n<figure class=\"wp-block-audio\"><audio controls src=\"https:\/\/www.uninter.com\/radio\/wp-content\/uploads\/2023\/06\/cafe-e-conhecimento-24-05-2023.mp3\"><\/audio><\/figure>\n\n\n\n<p>A edi\u00e7\u00e3o do Caf\u00e9 e Conhecimento aborda a import\u00e2ncia da internacionaliza\u00e7\u00e3o do ensino e do conhecimento. Daniele Farinhas recebe o coordenador de cursos de p\u00f3s-gradua\u00e7\u00e3o em Rela\u00e7\u00f5es Internacionais, Jos\u00e9 Benedito Caparros Jr., para o bate- papo.<\/p>\n","protected":false},"excerpt":{"rendered":"<p>A edi\u00e7\u00e3o do Caf\u00e9 e Conhecimento aborda a import\u00e2ncia da internacionaliza\u00e7\u00e3o do ensino e do&#8230;<\/p>\n","protected":false},"author":3,"featured_media":33850,"comment_status":"open","ping_status":"open","sticky":false,"template":"","format":"standard","meta":[],"categories":[2839],"tags":[],"_links":{"self":[{"href":"https:\/\/www.uninter.com\/radio\/wp-json\/wp\/v2\/posts\/35345"}],"collection":[{"href":"https:\/\/www.uninter.com\/radio\/wp-json\/wp\/v2\/posts"}],"about":[{"href":"https:\/\/www.uninter.com\/radio\/wp-json\/wp\/v2\/types\/post"}],"author":[{"embeddable":true,"href":"https:\/\/www.uninter.com\/radio\/wp-json\/wp\/v2\/users\/3"}],"replies":[{"embeddable":true,"href":"https:\/\/www.uninter.com\/radio\/wp-json\/wp\/v2\/comments?post=35345"}],"version-history":[{"count":1,"href":"https:\/\/www.uninter.com\/radio\/wp-json\/wp\/v2\/posts\/35345\/revisions"}],"predecessor-version":[{"id":35347,"href":"https:\/\/www.uninter.com\/radio\/wp-json\/wp\/v2\/posts\/35345\/revisions\/35347"}],"wp:featuredmedia":[{"embeddable":true,"href":"https:\/\/www.uninter.com\/radio\/wp-json\/wp\/v2\/media\/33850"}],"wp:attachment":[{"href":"https:\/\/www.uninter.com\/radio\/wp-json\/wp\/v2\/media?parent=35345"}],"wp:term":[{"taxonomy":"category","embeddable":true,"href":"https:\/\/www.uninter.com\/radio\/wp-json\/wp\/v2\/categories?post=35345"},{"taxonomy":"post_tag","embeddable":true,"href":"https:\/\/www.uninter.com\/radio\/wp-json\/wp\/v2\/tags?post=35345"}],"curies":[{"name":"wp","href":"https:\/\/api.w.org\/{rel}","templated":true}]}}