{"id":35336,"date":"2023-06-01T10:07:08","date_gmt":"2023-06-01T13:07:08","guid":{"rendered":"https:\/\/www.uninter.com\/radio\/?p=35336"},"modified":"2023-06-01T10:07:09","modified_gmt":"2023-06-01T13:07:09","slug":"caminho-para-a-saude-a-tradicao-culinaria-do-nordeste","status":"publish","type":"post","link":"https:\/\/www.uninter.com\/radio\/caminho-para-a-saude-a-tradicao-culinaria-do-nordeste","title":{"rendered":"Caminho para a Sa\u00fade | A tradi\u00e7\u00e3o culin\u00e1ria do Nordeste"},"content":{"rendered":"\n<figure class=\"wp-block-audio\"><audio controls src=\"https:\/\/www.uninter.com\/radio\/wp-content\/uploads\/2023\/06\/camimho-para-a-saude-24-05-2023.mp3\"><\/audio><\/figure>\n\n\n\n<p>O programa Caminho para a Sa\u00fade fala sobre as del\u00edcias e tradi\u00e7\u00f5es da culin\u00e1ria nordestina. Para a conversa, Evandro Tosin e Dirceu Krainski recebem o chef de cozinha e professor, Erick Buarque. <\/p>\n","protected":false},"excerpt":{"rendered":"<p>O programa Caminho para a Sa\u00fade fala sobre as del\u00edcias e tradi\u00e7\u00f5es da culin\u00e1ria nordestina&#8230;.<\/p>\n","protected":false},"author":3,"featured_media":33715,"comment_status":"open","ping_status":"open","sticky":false,"template":"","format":"standard","meta":[],"categories":[2770],"tags":[],"_links":{"self":[{"href":"https:\/\/www.uninter.com\/radio\/wp-json\/wp\/v2\/posts\/35336"}],"collection":[{"href":"https:\/\/www.uninter.com\/radio\/wp-json\/wp\/v2\/posts"}],"about":[{"href":"https:\/\/www.uninter.com\/radio\/wp-json\/wp\/v2\/types\/post"}],"author":[{"embeddable":true,"href":"https:\/\/www.uninter.com\/radio\/wp-json\/wp\/v2\/users\/3"}],"replies":[{"embeddable":true,"href":"https:\/\/www.uninter.com\/radio\/wp-json\/wp\/v2\/comments?post=35336"}],"version-history":[{"count":1,"href":"https:\/\/www.uninter.com\/radio\/wp-json\/wp\/v2\/posts\/35336\/revisions"}],"predecessor-version":[{"id":35338,"href":"https:\/\/www.uninter.com\/radio\/wp-json\/wp\/v2\/posts\/35336\/revisions\/35338"}],"wp:featuredmedia":[{"embeddable":true,"href":"https:\/\/www.uninter.com\/radio\/wp-json\/wp\/v2\/media\/33715"}],"wp:attachment":[{"href":"https:\/\/www.uninter.com\/radio\/wp-json\/wp\/v2\/media?parent=35336"}],"wp:term":[{"taxonomy":"category","embeddable":true,"href":"https:\/\/www.uninter.com\/radio\/wp-json\/wp\/v2\/categories?post=35336"},{"taxonomy":"post_tag","embeddable":true,"href":"https:\/\/www.uninter.com\/radio\/wp-json\/wp\/v2\/tags?post=35336"}],"curies":[{"name":"wp","href":"https:\/\/api.w.org\/{rel}","templated":true}]}}