{"id":35333,"date":"2023-06-01T10:03:35","date_gmt":"2023-06-01T13:03:35","guid":{"rendered":"https:\/\/www.uninter.com\/radio\/?p=35333"},"modified":"2023-06-01T10:03:36","modified_gmt":"2023-06-01T13:03:36","slug":"papo-castico-migrantes-musicais-na-terra-do-pinhao","status":"publish","type":"post","link":"https:\/\/www.uninter.com\/radio\/papo-castico-migrantes-musicais-na-terra-do-pinhao","title":{"rendered":"Papo Casti\u00e7o | Migrantes musicais na terra do pinh\u00e3o"},"content":{"rendered":"\n<figure class=\"wp-block-audio\"><audio controls src=\"https:\/\/www.uninter.com\/radio\/wp-content\/uploads\/2023\/06\/papo-castico-24-05-2023.mp3\"><\/audio><\/figure>\n\n\n\n<p>A musicalidade e representatividade do paulista Wes Ventura e do ludovicense Daniel Montelles s\u00e3o contempladas em solo paranaense. Os dois artistas escolheram Curitiba como morada para desenvolver seus trabalhos musicais. Nesta edi\u00e7\u00e3o do Papo Casti\u00e7o vamos contar as trajet\u00f3rias musicais de ambos em uma conversa regada de reflex\u00f5es sobre a cultura negra. A apresenta\u00e7\u00e3o \u00e9 de Sandy Lylia da Silva.<\/p>\n","protected":false},"excerpt":{"rendered":"<p>A musicalidade e representatividade do paulista Wes Ventura e do ludovicense Daniel Montelles s\u00e3o contempladas&#8230;<\/p>\n","protected":false},"author":3,"featured_media":34252,"comment_status":"open","ping_status":"open","sticky":false,"template":"","format":"standard","meta":[],"categories":[2841],"tags":[],"_links":{"self":[{"href":"https:\/\/www.uninter.com\/radio\/wp-json\/wp\/v2\/posts\/35333"}],"collection":[{"href":"https:\/\/www.uninter.com\/radio\/wp-json\/wp\/v2\/posts"}],"about":[{"href":"https:\/\/www.uninter.com\/radio\/wp-json\/wp\/v2\/types\/post"}],"author":[{"embeddable":true,"href":"https:\/\/www.uninter.com\/radio\/wp-json\/wp\/v2\/users\/3"}],"replies":[{"embeddable":true,"href":"https:\/\/www.uninter.com\/radio\/wp-json\/wp\/v2\/comments?post=35333"}],"version-history":[{"count":1,"href":"https:\/\/www.uninter.com\/radio\/wp-json\/wp\/v2\/posts\/35333\/revisions"}],"predecessor-version":[{"id":35335,"href":"https:\/\/www.uninter.com\/radio\/wp-json\/wp\/v2\/posts\/35333\/revisions\/35335"}],"wp:featuredmedia":[{"embeddable":true,"href":"https:\/\/www.uninter.com\/radio\/wp-json\/wp\/v2\/media\/34252"}],"wp:attachment":[{"href":"https:\/\/www.uninter.com\/radio\/wp-json\/wp\/v2\/media?parent=35333"}],"wp:term":[{"taxonomy":"category","embeddable":true,"href":"https:\/\/www.uninter.com\/radio\/wp-json\/wp\/v2\/categories?post=35333"},{"taxonomy":"post_tag","embeddable":true,"href":"https:\/\/www.uninter.com\/radio\/wp-json\/wp\/v2\/tags?post=35333"}],"curies":[{"name":"wp","href":"https:\/\/api.w.org\/{rel}","templated":true}]}}