{"id":35330,"date":"2023-06-01T09:57:45","date_gmt":"2023-06-01T12:57:45","guid":{"rendered":"https:\/\/www.uninter.com\/radio\/?p=35330"},"modified":"2023-06-01T09:57:47","modified_gmt":"2023-06-01T12:57:47","slug":"art-cultura-a-cronica-na-rua-e-a-prosa-no-dia-a-dia","status":"publish","type":"post","link":"https:\/\/www.uninter.com\/radio\/art-cultura-a-cronica-na-rua-e-a-prosa-no-dia-a-dia","title":{"rendered":"Art&#038; Cultura | A cr\u00f4nica na rua e a prosa no dia a dia"},"content":{"rendered":"\n<figure class=\"wp-block-audio\"><audio controls src=\"https:\/\/www.uninter.com\/radio\/wp-content\/uploads\/2023\/06\/arte-cultura-23-05-2023.mp3\"><\/audio><\/figure>\n\n\n\n<p>A cr\u00f4nica \u00e9 uma narra\u00e7\u00e3o curta escrita em um formato de prosa, que pode contar hist\u00f3rias de qualquer momento. Nesta edi\u00e7\u00e3o do Art&amp; Cultura vamos falar sobre este g\u00eanero liter\u00e1rio e para isso, Arthur Salles e Barbara Carvalho recebem Eug\u00eanio Vinci de Moraes, escritor que vai contar sobre sua experi\u00eancia com a escrita em seu mais recente livro.<\/p>\n","protected":false},"excerpt":{"rendered":"<p>A cr\u00f4nica \u00e9 uma narra\u00e7\u00e3o curta escrita em um formato de prosa, que pode contar&#8230;<\/p>\n","protected":false},"author":3,"featured_media":31653,"comment_status":"open","ping_status":"open","sticky":false,"template":"","format":"standard","meta":[],"categories":[2773],"tags":[],"_links":{"self":[{"href":"https:\/\/www.uninter.com\/radio\/wp-json\/wp\/v2\/posts\/35330"}],"collection":[{"href":"https:\/\/www.uninter.com\/radio\/wp-json\/wp\/v2\/posts"}],"about":[{"href":"https:\/\/www.uninter.com\/radio\/wp-json\/wp\/v2\/types\/post"}],"author":[{"embeddable":true,"href":"https:\/\/www.uninter.com\/radio\/wp-json\/wp\/v2\/users\/3"}],"replies":[{"embeddable":true,"href":"https:\/\/www.uninter.com\/radio\/wp-json\/wp\/v2\/comments?post=35330"}],"version-history":[{"count":1,"href":"https:\/\/www.uninter.com\/radio\/wp-json\/wp\/v2\/posts\/35330\/revisions"}],"predecessor-version":[{"id":35332,"href":"https:\/\/www.uninter.com\/radio\/wp-json\/wp\/v2\/posts\/35330\/revisions\/35332"}],"wp:featuredmedia":[{"embeddable":true,"href":"https:\/\/www.uninter.com\/radio\/wp-json\/wp\/v2\/media\/31653"}],"wp:attachment":[{"href":"https:\/\/www.uninter.com\/radio\/wp-json\/wp\/v2\/media?parent=35330"}],"wp:term":[{"taxonomy":"category","embeddable":true,"href":"https:\/\/www.uninter.com\/radio\/wp-json\/wp\/v2\/categories?post=35330"},{"taxonomy":"post_tag","embeddable":true,"href":"https:\/\/www.uninter.com\/radio\/wp-json\/wp\/v2\/tags?post=35330"}],"curies":[{"name":"wp","href":"https:\/\/api.w.org\/{rel}","templated":true}]}}