{"id":35323,"date":"2023-06-01T09:45:16","date_gmt":"2023-06-01T12:45:16","guid":{"rendered":"https:\/\/www.uninter.com\/radio\/?p=35323"},"modified":"2023-06-01T09:45:17","modified_gmt":"2023-06-01T12:45:17","slug":"segredos-da-arquitetura-e-do-design-politicas-publicas-e-arquitetura-sustentavel","status":"publish","type":"post","link":"https:\/\/www.uninter.com\/radio\/segredos-da-arquitetura-e-do-design-politicas-publicas-e-arquitetura-sustentavel","title":{"rendered":"Segredos da Arquitetura e do Design | Pol\u00edticas p\u00fablicas e arquitetura sustent\u00e1vel"},"content":{"rendered":"\n<figure class=\"wp-block-audio\"><audio controls src=\"https:\/\/www.uninter.com\/radio\/wp-content\/uploads\/2023\/06\/segredos-da-arquitetura-22-05-2023.mp3\"><\/audio><\/figure>\n\n\n\n<p>Na edi\u00e7\u00e3o de maio do Segredos da Arquitetura e do Design vamos descobrir como pol\u00edticas p\u00fablicas podem ajudar na arquitetura sustent\u00e1vel, a partir de incentivos e fomentos. Para a conversa, a arquiteta e professora Giselle Dziura recebe Ricieri Garbelini, coordenador de cursos de p\u00f3s-gradua\u00e7\u00e3o.<\/p>\n","protected":false},"excerpt":{"rendered":"<p>Na edi\u00e7\u00e3o de maio do Segredos da Arquitetura e do Design vamos descobrir como pol\u00edticas&#8230;<\/p>\n","protected":false},"author":3,"featured_media":35326,"comment_status":"open","ping_status":"open","sticky":false,"template":"","format":"standard","meta":[],"categories":[2709],"tags":[],"_links":{"self":[{"href":"https:\/\/www.uninter.com\/radio\/wp-json\/wp\/v2\/posts\/35323"}],"collection":[{"href":"https:\/\/www.uninter.com\/radio\/wp-json\/wp\/v2\/posts"}],"about":[{"href":"https:\/\/www.uninter.com\/radio\/wp-json\/wp\/v2\/types\/post"}],"author":[{"embeddable":true,"href":"https:\/\/www.uninter.com\/radio\/wp-json\/wp\/v2\/users\/3"}],"replies":[{"embeddable":true,"href":"https:\/\/www.uninter.com\/radio\/wp-json\/wp\/v2\/comments?post=35323"}],"version-history":[{"count":1,"href":"https:\/\/www.uninter.com\/radio\/wp-json\/wp\/v2\/posts\/35323\/revisions"}],"predecessor-version":[{"id":35325,"href":"https:\/\/www.uninter.com\/radio\/wp-json\/wp\/v2\/posts\/35323\/revisions\/35325"}],"wp:featuredmedia":[{"embeddable":true,"href":"https:\/\/www.uninter.com\/radio\/wp-json\/wp\/v2\/media\/35326"}],"wp:attachment":[{"href":"https:\/\/www.uninter.com\/radio\/wp-json\/wp\/v2\/media?parent=35323"}],"wp:term":[{"taxonomy":"category","embeddable":true,"href":"https:\/\/www.uninter.com\/radio\/wp-json\/wp\/v2\/categories?post=35323"},{"taxonomy":"post_tag","embeddable":true,"href":"https:\/\/www.uninter.com\/radio\/wp-json\/wp\/v2\/tags?post=35323"}],"curies":[{"name":"wp","href":"https:\/\/api.w.org\/{rel}","templated":true}]}}