{"id":35300,"date":"2023-05-25T09:19:52","date_gmt":"2023-05-25T12:19:52","guid":{"rendered":"https:\/\/www.uninter.com\/radio\/?p=35300"},"modified":"2023-05-25T09:19:54","modified_gmt":"2023-05-25T12:19:54","slug":"chave-interdisciplinar-20-anos-do-fim-do-projeto-genoma-humano","status":"publish","type":"post","link":"https:\/\/www.uninter.com\/radio\/chave-interdisciplinar-20-anos-do-fim-do-projeto-genoma-humano","title":{"rendered":"Chave Interdisciplinar | 20 anos do fim do Projeto Genoma Humano"},"content":{"rendered":"\n<figure class=\"wp-block-audio\"><audio controls src=\"https:\/\/www.uninter.com\/radio\/wp-content\/uploads\/2023\/05\/chave-18-05-2023.mp3\"><\/audio><\/figure>\n\n\n\n<p>Nesta edi\u00e7\u00e3o do programa Chave Interdisciplinar vamos falar sobre os 20 anos do fim do Projeto Genoma Humano, com debate entre os professores convidados e uma abordagem a respeito das contribui\u00e7\u00f5es que o projeto representou para a ci\u00eancias e os avan\u00e7os ocorridos ap\u00f3s a finaliza\u00e7\u00e3o do Projeto. Para a conversa recebemos Nicole Witt e Talge Aiex Boni.<\/p>\n","protected":false},"excerpt":{"rendered":"<p>Nesta edi\u00e7\u00e3o do programa Chave Interdisciplinar vamos falar sobre os 20 anos do fim do&#8230;<\/p>\n","protected":false},"author":3,"featured_media":33668,"comment_status":"open","ping_status":"open","sticky":false,"template":"","format":"standard","meta":[],"categories":[2735],"tags":[],"_links":{"self":[{"href":"https:\/\/www.uninter.com\/radio\/wp-json\/wp\/v2\/posts\/35300"}],"collection":[{"href":"https:\/\/www.uninter.com\/radio\/wp-json\/wp\/v2\/posts"}],"about":[{"href":"https:\/\/www.uninter.com\/radio\/wp-json\/wp\/v2\/types\/post"}],"author":[{"embeddable":true,"href":"https:\/\/www.uninter.com\/radio\/wp-json\/wp\/v2\/users\/3"}],"replies":[{"embeddable":true,"href":"https:\/\/www.uninter.com\/radio\/wp-json\/wp\/v2\/comments?post=35300"}],"version-history":[{"count":1,"href":"https:\/\/www.uninter.com\/radio\/wp-json\/wp\/v2\/posts\/35300\/revisions"}],"predecessor-version":[{"id":35302,"href":"https:\/\/www.uninter.com\/radio\/wp-json\/wp\/v2\/posts\/35300\/revisions\/35302"}],"wp:featuredmedia":[{"embeddable":true,"href":"https:\/\/www.uninter.com\/radio\/wp-json\/wp\/v2\/media\/33668"}],"wp:attachment":[{"href":"https:\/\/www.uninter.com\/radio\/wp-json\/wp\/v2\/media?parent=35300"}],"wp:term":[{"taxonomy":"category","embeddable":true,"href":"https:\/\/www.uninter.com\/radio\/wp-json\/wp\/v2\/categories?post=35300"},{"taxonomy":"post_tag","embeddable":true,"href":"https:\/\/www.uninter.com\/radio\/wp-json\/wp\/v2\/tags?post=35300"}],"curies":[{"name":"wp","href":"https:\/\/api.w.org\/{rel}","templated":true}]}}