{"id":35291,"date":"2023-05-25T09:11:38","date_gmt":"2023-05-25T12:11:38","guid":{"rendered":"https:\/\/www.uninter.com\/radio\/?p=35291"},"modified":"2023-05-25T09:11:39","modified_gmt":"2023-05-25T12:11:39","slug":"saude-em-foco-espacos-de-atuacao-profissional-do-assistente-social","status":"publish","type":"post","link":"https:\/\/www.uninter.com\/radio\/saude-em-foco-espacos-de-atuacao-profissional-do-assistente-social","title":{"rendered":"Sa\u00fade em Foco | Espa\u00e7os de Atua\u00e7\u00e3o Profissional do Assistente Social"},"content":{"rendered":"\n<figure class=\"wp-block-audio\"><audio controls src=\"https:\/\/www.uninter.com\/radio\/wp-content\/uploads\/2023\/05\/saude-em-foco-16-05-2023.mp3\"><\/audio><\/figure>\n\n\n\n<p>15 de maio \u00e9 o Dia do Assistente Social, e o Sa\u00fade em Foco comemora a data te contando tudo sobre esta \u00e1rea, principalmente sobre os espa\u00e7os de atua\u00e7\u00e3o deste profissional no mercado de trabalho. Para a conversa, Barbara Carvalho recebe as assistentes sociais e professoras da Uninter, Neiva Hack e Adriane Baglioli.<\/p>\n","protected":false},"excerpt":{"rendered":"<p>15 de maio \u00e9 o Dia do Assistente Social, e o Sa\u00fade em Foco comemora&#8230;<\/p>\n","protected":false},"author":3,"featured_media":33678,"comment_status":"open","ping_status":"open","sticky":false,"template":"","format":"standard","meta":[],"categories":[2790],"tags":[],"_links":{"self":[{"href":"https:\/\/www.uninter.com\/radio\/wp-json\/wp\/v2\/posts\/35291"}],"collection":[{"href":"https:\/\/www.uninter.com\/radio\/wp-json\/wp\/v2\/posts"}],"about":[{"href":"https:\/\/www.uninter.com\/radio\/wp-json\/wp\/v2\/types\/post"}],"author":[{"embeddable":true,"href":"https:\/\/www.uninter.com\/radio\/wp-json\/wp\/v2\/users\/3"}],"replies":[{"embeddable":true,"href":"https:\/\/www.uninter.com\/radio\/wp-json\/wp\/v2\/comments?post=35291"}],"version-history":[{"count":1,"href":"https:\/\/www.uninter.com\/radio\/wp-json\/wp\/v2\/posts\/35291\/revisions"}],"predecessor-version":[{"id":35293,"href":"https:\/\/www.uninter.com\/radio\/wp-json\/wp\/v2\/posts\/35291\/revisions\/35293"}],"wp:featuredmedia":[{"embeddable":true,"href":"https:\/\/www.uninter.com\/radio\/wp-json\/wp\/v2\/media\/33678"}],"wp:attachment":[{"href":"https:\/\/www.uninter.com\/radio\/wp-json\/wp\/v2\/media?parent=35291"}],"wp:term":[{"taxonomy":"category","embeddable":true,"href":"https:\/\/www.uninter.com\/radio\/wp-json\/wp\/v2\/categories?post=35291"},{"taxonomy":"post_tag","embeddable":true,"href":"https:\/\/www.uninter.com\/radio\/wp-json\/wp\/v2\/tags?post=35291"}],"curies":[{"name":"wp","href":"https:\/\/api.w.org\/{rel}","templated":true}]}}