{"id":35288,"date":"2023-05-25T09:08:59","date_gmt":"2023-05-25T12:08:59","guid":{"rendered":"https:\/\/www.uninter.com\/radio\/?p=35288"},"modified":"2023-05-25T09:09:01","modified_gmt":"2023-05-25T12:09:01","slug":"talento-em-foco-mae-e-empreendedora","status":"publish","type":"post","link":"https:\/\/www.uninter.com\/radio\/talento-em-foco-mae-e-empreendedora","title":{"rendered":"Talento em Foco | M\u00e3e e empreendedora"},"content":{"rendered":"\n<figure class=\"wp-block-audio\"><audio controls src=\"https:\/\/www.uninter.com\/radio\/wp-content\/uploads\/2023\/05\/talento-em-foco-15-05-2023.mp3\"><\/audio><\/figure>\n\n\n\n<p>Continuando nossa s\u00e9rie em homenagem ao Dia das M\u00e3es, o Talento em Foco fala sobre como m\u00e3es podem empreender e gerir o pr\u00f3prio neg\u00f3cio. Para a conversa, Barbara Carvalho e Erika Lotz recebem Suellen Wozniak, cabeleireira e avaliadora sensorial do grupo O Botic\u00e1rio.<\/p>\n","protected":false},"excerpt":{"rendered":"<p>Continuando nossa s\u00e9rie em homenagem ao Dia das M\u00e3es, o Talento em Foco fala sobre&#8230;<\/p>\n","protected":false},"author":3,"featured_media":31128,"comment_status":"open","ping_status":"open","sticky":false,"template":"","format":"standard","meta":[],"categories":[2723],"tags":[],"_links":{"self":[{"href":"https:\/\/www.uninter.com\/radio\/wp-json\/wp\/v2\/posts\/35288"}],"collection":[{"href":"https:\/\/www.uninter.com\/radio\/wp-json\/wp\/v2\/posts"}],"about":[{"href":"https:\/\/www.uninter.com\/radio\/wp-json\/wp\/v2\/types\/post"}],"author":[{"embeddable":true,"href":"https:\/\/www.uninter.com\/radio\/wp-json\/wp\/v2\/users\/3"}],"replies":[{"embeddable":true,"href":"https:\/\/www.uninter.com\/radio\/wp-json\/wp\/v2\/comments?post=35288"}],"version-history":[{"count":1,"href":"https:\/\/www.uninter.com\/radio\/wp-json\/wp\/v2\/posts\/35288\/revisions"}],"predecessor-version":[{"id":35290,"href":"https:\/\/www.uninter.com\/radio\/wp-json\/wp\/v2\/posts\/35288\/revisions\/35290"}],"wp:featuredmedia":[{"embeddable":true,"href":"https:\/\/www.uninter.com\/radio\/wp-json\/wp\/v2\/media\/31128"}],"wp:attachment":[{"href":"https:\/\/www.uninter.com\/radio\/wp-json\/wp\/v2\/media?parent=35288"}],"wp:term":[{"taxonomy":"category","embeddable":true,"href":"https:\/\/www.uninter.com\/radio\/wp-json\/wp\/v2\/categories?post=35288"},{"taxonomy":"post_tag","embeddable":true,"href":"https:\/\/www.uninter.com\/radio\/wp-json\/wp\/v2\/tags?post=35288"}],"curies":[{"name":"wp","href":"https:\/\/api.w.org\/{rel}","templated":true}]}}