{"id":35282,"date":"2023-05-18T09:43:29","date_gmt":"2023-05-18T12:43:29","guid":{"rendered":"https:\/\/www.uninter.com\/radio\/?p=35282"},"modified":"2023-05-18T09:43:30","modified_gmt":"2023-05-18T12:43:30","slug":"inclusao-em-rede-acessibilidade-o-curso-de-pos-graduacao","status":"publish","type":"post","link":"https:\/\/www.uninter.com\/radio\/inclusao-em-rede-acessibilidade-o-curso-de-pos-graduacao","title":{"rendered":"Inclus\u00e3o em Rede | Acessibilidade: o curso de p\u00f3s-gradua\u00e7\u00e3o"},"content":{"rendered":"\n<figure class=\"wp-block-audio\"><audio controls src=\"https:\/\/www.uninter.com\/radio\/wp-content\/uploads\/2023\/05\/inclusao-em-rede-12-05-2023.mp3\"><\/audio><\/figure>\n\n\n\n<p>O programa Inclus\u00e3o em Rede apresenta transmiss\u00e3o ao vivo com o tema &#8220;Acessibilidade: o curso de p\u00f3s-gradua\u00e7\u00e3o&#8221;. Para o bate-papo, Leomar Marchesini recebe os professores Marcelo Paranhos e Gabriel Vergara.<\/p>\n","protected":false},"excerpt":{"rendered":"<p>O programa Inclus\u00e3o em Rede apresenta transmiss\u00e3o ao vivo com o tema &#8220;Acessibilidade: o curso&#8230;<\/p>\n","protected":false},"author":3,"featured_media":33698,"comment_status":"open","ping_status":"open","sticky":false,"template":"","format":"standard","meta":[],"categories":[2727],"tags":[],"_links":{"self":[{"href":"https:\/\/www.uninter.com\/radio\/wp-json\/wp\/v2\/posts\/35282"}],"collection":[{"href":"https:\/\/www.uninter.com\/radio\/wp-json\/wp\/v2\/posts"}],"about":[{"href":"https:\/\/www.uninter.com\/radio\/wp-json\/wp\/v2\/types\/post"}],"author":[{"embeddable":true,"href":"https:\/\/www.uninter.com\/radio\/wp-json\/wp\/v2\/users\/3"}],"replies":[{"embeddable":true,"href":"https:\/\/www.uninter.com\/radio\/wp-json\/wp\/v2\/comments?post=35282"}],"version-history":[{"count":1,"href":"https:\/\/www.uninter.com\/radio\/wp-json\/wp\/v2\/posts\/35282\/revisions"}],"predecessor-version":[{"id":35284,"href":"https:\/\/www.uninter.com\/radio\/wp-json\/wp\/v2\/posts\/35282\/revisions\/35284"}],"wp:featuredmedia":[{"embeddable":true,"href":"https:\/\/www.uninter.com\/radio\/wp-json\/wp\/v2\/media\/33698"}],"wp:attachment":[{"href":"https:\/\/www.uninter.com\/radio\/wp-json\/wp\/v2\/media?parent=35282"}],"wp:term":[{"taxonomy":"category","embeddable":true,"href":"https:\/\/www.uninter.com\/radio\/wp-json\/wp\/v2\/categories?post=35282"},{"taxonomy":"post_tag","embeddable":true,"href":"https:\/\/www.uninter.com\/radio\/wp-json\/wp\/v2\/tags?post=35282"}],"curies":[{"name":"wp","href":"https:\/\/api.w.org\/{rel}","templated":true}]}}