{"id":35274,"date":"2023-05-18T09:32:08","date_gmt":"2023-05-18T12:32:08","guid":{"rendered":"https:\/\/www.uninter.com\/radio\/?p=35274"},"modified":"2023-05-18T09:32:09","modified_gmt":"2023-05-18T12:32:09","slug":"diversos-da-pos-dia-internacional-do-clima","status":"publish","type":"post","link":"https:\/\/www.uninter.com\/radio\/diversos-da-pos-dia-internacional-do-clima","title":{"rendered":"Diversos da P\u00f3s | Dia Internacional do Clima"},"content":{"rendered":"\n<figure class=\"wp-block-audio\"><audio controls src=\"https:\/\/www.uninter.com\/radio\/wp-content\/uploads\/2023\/05\/diversos-da-pos-11-05-2023.mp3\"><\/audio><\/figure>\n\n\n\n<p>Segundo as Na\u00e7\u00f5es Unidas, \u201cas mudan\u00e7as clim\u00e1ticas s\u00e3o transforma\u00e7\u00f5es a longo prazo nos padr\u00f5es de temperatura e clima\u201d, e as atividades humanas s\u00e3o as principais promotoras dessas altera\u00e7\u00f5es. Dada a import\u00e2ncia e os impactos das mudan\u00e7as clim\u00e1ticas no cen\u00e1rio atual, h\u00e1 diversas datas direcionadas a a\u00e7\u00f5es para conscientiza\u00e7\u00e3o, divulga\u00e7\u00e3o e planejamento contra os efeitos nocivos. No dia 14 de maio \u00e9 datado como Dia Internacional do Clima, com isso o Programa Diversos da P\u00f3s abordar\u00e1 solu\u00e7\u00f5es ambientais e energ\u00e9ticas para minimiza\u00e7\u00e3o das mudan\u00e7as clim\u00e1ticas e efeitos nocivos. Para a conversa recebemos as professoras Marcia Kravetz e Pricila de Souza, e tamb\u00e9m Leonardo Nunes Amorim (CEO da LAM Energy).<\/p>\n","protected":false},"excerpt":{"rendered":"<p>Segundo as Na\u00e7\u00f5es Unidas, \u201cas mudan\u00e7as clim\u00e1ticas s\u00e3o transforma\u00e7\u00f5es a longo prazo nos padr\u00f5es de&#8230;<\/p>\n","protected":false},"author":3,"featured_media":34178,"comment_status":"open","ping_status":"open","sticky":false,"template":"","format":"standard","meta":[],"categories":[2704],"tags":[],"_links":{"self":[{"href":"https:\/\/www.uninter.com\/radio\/wp-json\/wp\/v2\/posts\/35274"}],"collection":[{"href":"https:\/\/www.uninter.com\/radio\/wp-json\/wp\/v2\/posts"}],"about":[{"href":"https:\/\/www.uninter.com\/radio\/wp-json\/wp\/v2\/types\/post"}],"author":[{"embeddable":true,"href":"https:\/\/www.uninter.com\/radio\/wp-json\/wp\/v2\/users\/3"}],"replies":[{"embeddable":true,"href":"https:\/\/www.uninter.com\/radio\/wp-json\/wp\/v2\/comments?post=35274"}],"version-history":[{"count":1,"href":"https:\/\/www.uninter.com\/radio\/wp-json\/wp\/v2\/posts\/35274\/revisions"}],"predecessor-version":[{"id":35276,"href":"https:\/\/www.uninter.com\/radio\/wp-json\/wp\/v2\/posts\/35274\/revisions\/35276"}],"wp:featuredmedia":[{"embeddable":true,"href":"https:\/\/www.uninter.com\/radio\/wp-json\/wp\/v2\/media\/34178"}],"wp:attachment":[{"href":"https:\/\/www.uninter.com\/radio\/wp-json\/wp\/v2\/media?parent=35274"}],"wp:term":[{"taxonomy":"category","embeddable":true,"href":"https:\/\/www.uninter.com\/radio\/wp-json\/wp\/v2\/categories?post=35274"},{"taxonomy":"post_tag","embeddable":true,"href":"https:\/\/www.uninter.com\/radio\/wp-json\/wp\/v2\/tags?post=35274"}],"curies":[{"name":"wp","href":"https:\/\/api.w.org\/{rel}","templated":true}]}}