{"id":35271,"date":"2023-05-18T09:19:09","date_gmt":"2023-05-18T12:19:09","guid":{"rendered":"https:\/\/www.uninter.com\/radio\/?p=35271"},"modified":"2023-05-18T09:19:10","modified_gmt":"2023-05-18T12:19:10","slug":"chave-interdisciplinar-o-uso-do-tpack-nos-processos-de-ensino-e-de-aprendizagem","status":"publish","type":"post","link":"https:\/\/www.uninter.com\/radio\/chave-interdisciplinar-o-uso-do-tpack-nos-processos-de-ensino-e-de-aprendizagem","title":{"rendered":"Chave Interdisciplinar | O uso do TPACK nos processos de ensino e de aprendizagem"},"content":{"rendered":"\n<figure class=\"wp-block-audio\"><audio controls src=\"https:\/\/www.uninter.com\/radio\/wp-content\/uploads\/2023\/05\/chave-11-05-2023.mp3\"><\/audio><\/figure>\n\n\n\n<p>Nesta edi\u00e7\u00e3o do programa Chave Interdisciplinar vamos falar sobre o uso do TPACK nos processos de ensino e de aprendizagem. Para a conversa, recebemos a mestra em Ensino de Ci\u00eancias e Matem\u00e1tica e professora da \u00e1rea de exatas da Uninter, Ana Paula Janz Elias, e a aluna do curso de Licenciatura em Matem\u00e1tica, Thais Betina Slaviero.<\/p>\n","protected":false},"excerpt":{"rendered":"<p>Nesta edi\u00e7\u00e3o do programa Chave Interdisciplinar vamos falar sobre o uso do TPACK nos processos&#8230;<\/p>\n","protected":false},"author":3,"featured_media":33668,"comment_status":"open","ping_status":"open","sticky":false,"template":"","format":"standard","meta":[],"categories":[2735],"tags":[],"_links":{"self":[{"href":"https:\/\/www.uninter.com\/radio\/wp-json\/wp\/v2\/posts\/35271"}],"collection":[{"href":"https:\/\/www.uninter.com\/radio\/wp-json\/wp\/v2\/posts"}],"about":[{"href":"https:\/\/www.uninter.com\/radio\/wp-json\/wp\/v2\/types\/post"}],"author":[{"embeddable":true,"href":"https:\/\/www.uninter.com\/radio\/wp-json\/wp\/v2\/users\/3"}],"replies":[{"embeddable":true,"href":"https:\/\/www.uninter.com\/radio\/wp-json\/wp\/v2\/comments?post=35271"}],"version-history":[{"count":1,"href":"https:\/\/www.uninter.com\/radio\/wp-json\/wp\/v2\/posts\/35271\/revisions"}],"predecessor-version":[{"id":35273,"href":"https:\/\/www.uninter.com\/radio\/wp-json\/wp\/v2\/posts\/35271\/revisions\/35273"}],"wp:featuredmedia":[{"embeddable":true,"href":"https:\/\/www.uninter.com\/radio\/wp-json\/wp\/v2\/media\/33668"}],"wp:attachment":[{"href":"https:\/\/www.uninter.com\/radio\/wp-json\/wp\/v2\/media?parent=35271"}],"wp:term":[{"taxonomy":"category","embeddable":true,"href":"https:\/\/www.uninter.com\/radio\/wp-json\/wp\/v2\/categories?post=35271"},{"taxonomy":"post_tag","embeddable":true,"href":"https:\/\/www.uninter.com\/radio\/wp-json\/wp\/v2\/tags?post=35271"}],"curies":[{"name":"wp","href":"https:\/\/api.w.org\/{rel}","templated":true}]}}