{"id":35262,"date":"2023-05-18T08:56:45","date_gmt":"2023-05-18T11:56:45","guid":{"rendered":"https:\/\/www.uninter.com\/radio\/?p=35262"},"modified":"2023-05-18T08:56:47","modified_gmt":"2023-05-18T11:56:47","slug":"atualidades-da-educacao-violencia-nas-escolas","status":"publish","type":"post","link":"https:\/\/www.uninter.com\/radio\/atualidades-da-educacao-violencia-nas-escolas","title":{"rendered":"Atualidades da Educa\u00e7\u00e3o | Viol\u00eancia nas escolas"},"content":{"rendered":"\n<figure class=\"wp-block-audio\"><audio controls src=\"https:\/\/www.uninter.com\/radio\/wp-content\/uploads\/2023\/05\/atualidades-da-educacao-10-05-2023.mp3\"><\/audio><\/figure>\n\n\n\n<p>O Atualidades na Escola prossegue a conversa sobre as causas e as medidas necess\u00e1rias para o combate \u00e0 crescente viol\u00eancia nas escolas brasileiras. O professor Alvino Moser recebem os educadores Jos\u00e9 Lauro Martins e Lu\u00eds Fernando Lopes para o bate-papo.<\/p>\n","protected":false},"excerpt":{"rendered":"<p>O Atualidades na Escola prossegue a conversa sobre as causas e as medidas necess\u00e1rias para&#8230;<\/p>\n","protected":false},"author":3,"featured_media":33674,"comment_status":"open","ping_status":"open","sticky":false,"template":"","format":"standard","meta":[],"categories":[2760],"tags":[],"_links":{"self":[{"href":"https:\/\/www.uninter.com\/radio\/wp-json\/wp\/v2\/posts\/35262"}],"collection":[{"href":"https:\/\/www.uninter.com\/radio\/wp-json\/wp\/v2\/posts"}],"about":[{"href":"https:\/\/www.uninter.com\/radio\/wp-json\/wp\/v2\/types\/post"}],"author":[{"embeddable":true,"href":"https:\/\/www.uninter.com\/radio\/wp-json\/wp\/v2\/users\/3"}],"replies":[{"embeddable":true,"href":"https:\/\/www.uninter.com\/radio\/wp-json\/wp\/v2\/comments?post=35262"}],"version-history":[{"count":1,"href":"https:\/\/www.uninter.com\/radio\/wp-json\/wp\/v2\/posts\/35262\/revisions"}],"predecessor-version":[{"id":35264,"href":"https:\/\/www.uninter.com\/radio\/wp-json\/wp\/v2\/posts\/35262\/revisions\/35264"}],"wp:featuredmedia":[{"embeddable":true,"href":"https:\/\/www.uninter.com\/radio\/wp-json\/wp\/v2\/media\/33674"}],"wp:attachment":[{"href":"https:\/\/www.uninter.com\/radio\/wp-json\/wp\/v2\/media?parent=35262"}],"wp:term":[{"taxonomy":"category","embeddable":true,"href":"https:\/\/www.uninter.com\/radio\/wp-json\/wp\/v2\/categories?post=35262"},{"taxonomy":"post_tag","embeddable":true,"href":"https:\/\/www.uninter.com\/radio\/wp-json\/wp\/v2\/tags?post=35262"}],"curies":[{"name":"wp","href":"https:\/\/api.w.org\/{rel}","templated":true}]}}