{"id":35253,"date":"2023-05-18T08:47:20","date_gmt":"2023-05-18T11:47:20","guid":{"rendered":"https:\/\/www.uninter.com\/radio\/?p=35253"},"modified":"2023-05-18T08:47:22","modified_gmt":"2023-05-18T11:47:22","slug":"papo-castico-preto-e-culpado-ate-que-se-prove-o-contrario","status":"publish","type":"post","link":"https:\/\/www.uninter.com\/radio\/papo-castico-preto-e-culpado-ate-que-se-prove-o-contrario","title":{"rendered":"Papo Casti\u00e7o | Preto \u00e9 culpado at\u00e9 que se prove o contr\u00e1rio"},"content":{"rendered":"\n<figure class=\"wp-block-audio\"><audio controls src=\"https:\/\/www.uninter.com\/radio\/wp-content\/uploads\/2023\/05\/papo-castico-10-05-2023.mp3\"><\/audio><\/figure>\n\n\n\n<p>Mano Cappu constr\u00f3i sua carreira como rapper, roteirista e diretor ap\u00f3s 18 meses preso injustamente. Nesta edi\u00e7\u00e3o do Papo Casti\u00e7o, o artista fala sobre m\u00fasica preta, injusti\u00e7as e supera\u00e7\u00e3o. Com apresenta\u00e7\u00e3o de Sandy Lylia da Silva.<\/p>\n","protected":false},"excerpt":{"rendered":"<p>Mano Cappu constr\u00f3i sua carreira como rapper, roteirista e diretor ap\u00f3s 18 meses preso injustamente&#8230;.<\/p>\n","protected":false},"author":3,"featured_media":34252,"comment_status":"open","ping_status":"open","sticky":false,"template":"","format":"standard","meta":[],"categories":[2841],"tags":[],"_links":{"self":[{"href":"https:\/\/www.uninter.com\/radio\/wp-json\/wp\/v2\/posts\/35253"}],"collection":[{"href":"https:\/\/www.uninter.com\/radio\/wp-json\/wp\/v2\/posts"}],"about":[{"href":"https:\/\/www.uninter.com\/radio\/wp-json\/wp\/v2\/types\/post"}],"author":[{"embeddable":true,"href":"https:\/\/www.uninter.com\/radio\/wp-json\/wp\/v2\/users\/3"}],"replies":[{"embeddable":true,"href":"https:\/\/www.uninter.com\/radio\/wp-json\/wp\/v2\/comments?post=35253"}],"version-history":[{"count":1,"href":"https:\/\/www.uninter.com\/radio\/wp-json\/wp\/v2\/posts\/35253\/revisions"}],"predecessor-version":[{"id":35255,"href":"https:\/\/www.uninter.com\/radio\/wp-json\/wp\/v2\/posts\/35253\/revisions\/35255"}],"wp:featuredmedia":[{"embeddable":true,"href":"https:\/\/www.uninter.com\/radio\/wp-json\/wp\/v2\/media\/34252"}],"wp:attachment":[{"href":"https:\/\/www.uninter.com\/radio\/wp-json\/wp\/v2\/media?parent=35253"}],"wp:term":[{"taxonomy":"category","embeddable":true,"href":"https:\/\/www.uninter.com\/radio\/wp-json\/wp\/v2\/categories?post=35253"},{"taxonomy":"post_tag","embeddable":true,"href":"https:\/\/www.uninter.com\/radio\/wp-json\/wp\/v2\/tags?post=35253"}],"curies":[{"name":"wp","href":"https:\/\/api.w.org\/{rel}","templated":true}]}}