{"id":35248,"date":"2023-05-17T17:17:45","date_gmt":"2023-05-17T20:17:45","guid":{"rendered":"https:\/\/www.uninter.com\/radio\/?p=35248"},"modified":"2023-05-17T17:17:46","modified_gmt":"2023-05-17T20:17:46","slug":"fala-prof-etarismo-a-discriminacao-por-idade","status":"publish","type":"post","link":"https:\/\/www.uninter.com\/radio\/fala-prof-etarismo-a-discriminacao-por-idade","title":{"rendered":"Fala, Prof! | Etarismo: a discrimina\u00e7\u00e3o por idade"},"content":{"rendered":"\n<figure class=\"wp-block-audio\"><audio controls src=\"blob:https:\/\/www.uninter.com\/f894b3aa-f52b-43d7-a17b-0ce355a35771\"><\/audio><\/figure>\n\n\n\n<p>O programa Fala, Prof! deste m\u00eas traz \u00e0 tona o etarismo e a discrimina\u00e7\u00e3o em decorr\u00eancia da idade. Com a presen\u00e7a da psic\u00f3loga Maria Rafart e das professoras Talita Cabral e Relly Amaral, vamos explorar como o preconceito et\u00e1rio pode afetar a vida das pessoas e as pol\u00edticas p\u00fablicas voltadas para combater essa pr\u00e1tica.<\/p>\n","protected":false},"excerpt":{"rendered":"<p>O programa Fala, Prof! deste m\u00eas traz \u00e0 tona o etarismo e a discrimina\u00e7\u00e3o em&#8230;<\/p>\n","protected":false},"author":3,"featured_media":30526,"comment_status":"open","ping_status":"open","sticky":false,"template":"","format":"standard","meta":[],"categories":[2763],"tags":[],"_links":{"self":[{"href":"https:\/\/www.uninter.com\/radio\/wp-json\/wp\/v2\/posts\/35248"}],"collection":[{"href":"https:\/\/www.uninter.com\/radio\/wp-json\/wp\/v2\/posts"}],"about":[{"href":"https:\/\/www.uninter.com\/radio\/wp-json\/wp\/v2\/types\/post"}],"author":[{"embeddable":true,"href":"https:\/\/www.uninter.com\/radio\/wp-json\/wp\/v2\/users\/3"}],"replies":[{"embeddable":true,"href":"https:\/\/www.uninter.com\/radio\/wp-json\/wp\/v2\/comments?post=35248"}],"version-history":[{"count":1,"href":"https:\/\/www.uninter.com\/radio\/wp-json\/wp\/v2\/posts\/35248\/revisions"}],"predecessor-version":[{"id":35249,"href":"https:\/\/www.uninter.com\/radio\/wp-json\/wp\/v2\/posts\/35248\/revisions\/35249"}],"wp:featuredmedia":[{"embeddable":true,"href":"https:\/\/www.uninter.com\/radio\/wp-json\/wp\/v2\/media\/30526"}],"wp:attachment":[{"href":"https:\/\/www.uninter.com\/radio\/wp-json\/wp\/v2\/media?parent=35248"}],"wp:term":[{"taxonomy":"category","embeddable":true,"href":"https:\/\/www.uninter.com\/radio\/wp-json\/wp\/v2\/categories?post=35248"},{"taxonomy":"post_tag","embeddable":true,"href":"https:\/\/www.uninter.com\/radio\/wp-json\/wp\/v2\/tags?post=35248"}],"curies":[{"name":"wp","href":"https:\/\/api.w.org\/{rel}","templated":true}]}}