{"id":35236,"date":"2023-05-17T16:53:19","date_gmt":"2023-05-17T19:53:19","guid":{"rendered":"https:\/\/www.uninter.com\/radio\/?p=35236"},"modified":"2023-05-17T16:53:20","modified_gmt":"2023-05-17T19:53:20","slug":"talento-em-foco-mae-e-lideranca-no-mercado-de-trabalho","status":"publish","type":"post","link":"https:\/\/www.uninter.com\/radio\/talento-em-foco-mae-e-lideranca-no-mercado-de-trabalho","title":{"rendered":"Talento em Foco | M\u00e3e e lideran\u00e7a no mercado de trabalho"},"content":{"rendered":"\n<figure class=\"wp-block-audio\"><audio controls src=\"https:\/\/www.uninter.com\/radio\/wp-content\/uploads\/2023\/05\/talento-em-foco-08-05-2023.mp3\"><\/audio><\/figure>\n\n\n\n<p>O Talento em Foco inaugura a programa\u00e7\u00e3o especial da R\u00e1dio Uninter dedicada ao Dia das M\u00e3es. Erika Lotz e Barbara Carvalho recebem a gerente comercial da \u00c9OS, Let\u00edcia Gaijutis, para falar de como \u00e9 ser m\u00e3e e exercer pap\u00e9is de lideran\u00e7a no mercado de trabalho.<\/p>\n","protected":false},"excerpt":{"rendered":"<p>O Talento em Foco inaugura a programa\u00e7\u00e3o especial da R\u00e1dio Uninter dedicada ao Dia das&#8230;<\/p>\n","protected":false},"author":3,"featured_media":31128,"comment_status":"open","ping_status":"open","sticky":false,"template":"","format":"standard","meta":[],"categories":[2723],"tags":[],"_links":{"self":[{"href":"https:\/\/www.uninter.com\/radio\/wp-json\/wp\/v2\/posts\/35236"}],"collection":[{"href":"https:\/\/www.uninter.com\/radio\/wp-json\/wp\/v2\/posts"}],"about":[{"href":"https:\/\/www.uninter.com\/radio\/wp-json\/wp\/v2\/types\/post"}],"author":[{"embeddable":true,"href":"https:\/\/www.uninter.com\/radio\/wp-json\/wp\/v2\/users\/3"}],"replies":[{"embeddable":true,"href":"https:\/\/www.uninter.com\/radio\/wp-json\/wp\/v2\/comments?post=35236"}],"version-history":[{"count":1,"href":"https:\/\/www.uninter.com\/radio\/wp-json\/wp\/v2\/posts\/35236\/revisions"}],"predecessor-version":[{"id":35238,"href":"https:\/\/www.uninter.com\/radio\/wp-json\/wp\/v2\/posts\/35236\/revisions\/35238"}],"wp:featuredmedia":[{"embeddable":true,"href":"https:\/\/www.uninter.com\/radio\/wp-json\/wp\/v2\/media\/31128"}],"wp:attachment":[{"href":"https:\/\/www.uninter.com\/radio\/wp-json\/wp\/v2\/media?parent=35236"}],"wp:term":[{"taxonomy":"category","embeddable":true,"href":"https:\/\/www.uninter.com\/radio\/wp-json\/wp\/v2\/categories?post=35236"},{"taxonomy":"post_tag","embeddable":true,"href":"https:\/\/www.uninter.com\/radio\/wp-json\/wp\/v2\/tags?post=35236"}],"curies":[{"name":"wp","href":"https:\/\/api.w.org\/{rel}","templated":true}]}}