{"id":35228,"date":"2023-05-05T12:06:06","date_gmt":"2023-05-05T15:06:06","guid":{"rendered":"https:\/\/www.uninter.com\/radio\/?p=35228"},"modified":"2023-05-05T12:06:07","modified_gmt":"2023-05-05T15:06:07","slug":"conversa-com-o-reitor-cada-vez-mais-internacional-uninter-inaugura-polo-na-espanha","status":"publish","type":"post","link":"https:\/\/www.uninter.com\/radio\/conversa-com-o-reitor-cada-vez-mais-internacional-uninter-inaugura-polo-na-espanha","title":{"rendered":"Conversa com o Reitor | Cada vez mais internacional, Uninter inaugura polo na Espanha"},"content":{"rendered":"\n<figure class=\"wp-block-audio\"><audio controls src=\"https:\/\/www.uninter.com\/radio\/wp-content\/uploads\/2023\/05\/conversa-com-o-reitor-05-05-2023.mp3\"><\/audio><\/figure>\n\n\n\n<p>A Espanha \u00e9 o quarto maior pa\u00eds da Europa e agora \u00e9 casa de mais um polo da Uninter. A nova unidade, situada na capital Madri, foi inaugurada em 1\u00ba de fevereiro de 2023 e j\u00e1 oferta mais de 200 cursos de gradua\u00e7\u00e3o e p\u00f3s-gradua\u00e7\u00e3o, visando alcan\u00e7ar os brasileiros que residem no pa\u00eds. Vamos falar sobre este novo polo no Conversa com o Reitor, com transmiss\u00e3o ao vivo diretamente de Madri, com participa\u00e7\u00e3o de Benhur Gaio e Fabiano Ozique dos Santos, gerente de neg\u00f3cios internacionais. Acompanhe.<\/p>\n","protected":false},"excerpt":{"rendered":"<p>A Espanha \u00e9 o quarto maior pa\u00eds da Europa e agora \u00e9 casa de mais&#8230;<\/p>\n","protected":false},"author":3,"featured_media":31088,"comment_status":"open","ping_status":"open","sticky":false,"template":"","format":"standard","meta":[],"categories":[2724],"tags":[],"_links":{"self":[{"href":"https:\/\/www.uninter.com\/radio\/wp-json\/wp\/v2\/posts\/35228"}],"collection":[{"href":"https:\/\/www.uninter.com\/radio\/wp-json\/wp\/v2\/posts"}],"about":[{"href":"https:\/\/www.uninter.com\/radio\/wp-json\/wp\/v2\/types\/post"}],"author":[{"embeddable":true,"href":"https:\/\/www.uninter.com\/radio\/wp-json\/wp\/v2\/users\/3"}],"replies":[{"embeddable":true,"href":"https:\/\/www.uninter.com\/radio\/wp-json\/wp\/v2\/comments?post=35228"}],"version-history":[{"count":1,"href":"https:\/\/www.uninter.com\/radio\/wp-json\/wp\/v2\/posts\/35228\/revisions"}],"predecessor-version":[{"id":35230,"href":"https:\/\/www.uninter.com\/radio\/wp-json\/wp\/v2\/posts\/35228\/revisions\/35230"}],"wp:featuredmedia":[{"embeddable":true,"href":"https:\/\/www.uninter.com\/radio\/wp-json\/wp\/v2\/media\/31088"}],"wp:attachment":[{"href":"https:\/\/www.uninter.com\/radio\/wp-json\/wp\/v2\/media?parent=35228"}],"wp:term":[{"taxonomy":"category","embeddable":true,"href":"https:\/\/www.uninter.com\/radio\/wp-json\/wp\/v2\/categories?post=35228"},{"taxonomy":"post_tag","embeddable":true,"href":"https:\/\/www.uninter.com\/radio\/wp-json\/wp\/v2\/tags?post=35228"}],"curies":[{"name":"wp","href":"https:\/\/api.w.org\/{rel}","templated":true}]}}