{"id":35226,"date":"2023-05-05T12:03:07","date_gmt":"2023-05-05T15:03:07","guid":{"rendered":"https:\/\/www.uninter.com\/radio\/?p=35226"},"modified":"2023-05-05T12:03:09","modified_gmt":"2023-05-05T15:03:09","slug":"chave-interdisciplinar-direitos-humanos","status":"publish","type":"post","link":"https:\/\/www.uninter.com\/radio\/chave-interdisciplinar-direitos-humanos","title":{"rendered":"Chave Interdisciplinar | Direitos humanos"},"content":{"rendered":"\n<figure class=\"wp-block-audio\"><audio controls src=\"blob:https:\/\/www.uninter.com\/5845a1c7-1c1b-4945-945e-c4209af0d03c\"><\/audio><\/figure>\n\n\n\n<p>Nesta edi\u00e7\u00e3o do programa Chave Interdisciplinar, trataremos do conceito, da import\u00e2ncia e do documento que determina a prote\u00e7\u00e3o universal dos direitos humanos. Para a conversa recebemos os professores Gilberto Aurelio Bordini e Maria Tereza Xavier Cordeiro. Acompanhe e participe.<\/p>\n","protected":false},"excerpt":{"rendered":"<p>Nesta edi\u00e7\u00e3o do programa Chave Interdisciplinar, trataremos do conceito, da import\u00e2ncia e do documento que&#8230;<\/p>\n","protected":false},"author":3,"featured_media":33668,"comment_status":"open","ping_status":"open","sticky":false,"template":"","format":"standard","meta":[],"categories":[2735],"tags":[],"_links":{"self":[{"href":"https:\/\/www.uninter.com\/radio\/wp-json\/wp\/v2\/posts\/35226"}],"collection":[{"href":"https:\/\/www.uninter.com\/radio\/wp-json\/wp\/v2\/posts"}],"about":[{"href":"https:\/\/www.uninter.com\/radio\/wp-json\/wp\/v2\/types\/post"}],"author":[{"embeddable":true,"href":"https:\/\/www.uninter.com\/radio\/wp-json\/wp\/v2\/users\/3"}],"replies":[{"embeddable":true,"href":"https:\/\/www.uninter.com\/radio\/wp-json\/wp\/v2\/comments?post=35226"}],"version-history":[{"count":1,"href":"https:\/\/www.uninter.com\/radio\/wp-json\/wp\/v2\/posts\/35226\/revisions"}],"predecessor-version":[{"id":35227,"href":"https:\/\/www.uninter.com\/radio\/wp-json\/wp\/v2\/posts\/35226\/revisions\/35227"}],"wp:featuredmedia":[{"embeddable":true,"href":"https:\/\/www.uninter.com\/radio\/wp-json\/wp\/v2\/media\/33668"}],"wp:attachment":[{"href":"https:\/\/www.uninter.com\/radio\/wp-json\/wp\/v2\/media?parent=35226"}],"wp:term":[{"taxonomy":"category","embeddable":true,"href":"https:\/\/www.uninter.com\/radio\/wp-json\/wp\/v2\/categories?post=35226"},{"taxonomy":"post_tag","embeddable":true,"href":"https:\/\/www.uninter.com\/radio\/wp-json\/wp\/v2\/tags?post=35226"}],"curies":[{"name":"wp","href":"https:\/\/api.w.org\/{rel}","templated":true}]}}