{"id":35217,"date":"2023-05-05T11:56:15","date_gmt":"2023-05-05T14:56:15","guid":{"rendered":"https:\/\/www.uninter.com\/radio\/?p=35217"},"modified":"2023-05-05T11:56:17","modified_gmt":"2023-05-05T14:56:17","slug":"papo-castico-defensores-a-favor-das-minorias","status":"publish","type":"post","link":"https:\/\/www.uninter.com\/radio\/papo-castico-defensores-a-favor-das-minorias","title":{"rendered":"Papo Casti\u00e7o | Defensores a favor das minorias"},"content":{"rendered":"\n<figure class=\"wp-block-audio\"><audio controls src=\"https:\/\/www.uninter.com\/radio\/wp-content\/uploads\/2023\/05\/papo-castico-03-05-2023.mp3\"><\/audio><\/figure>\n\n\n\n<p>A Defensoria P\u00fablica \u00e9 uma institui\u00e7\u00e3o essencial para o cumprimento dos direitos fundamentais, principalmente da parcela da popula\u00e7\u00e3o mais vulner\u00e1vel. No dia 19 de maio \u00e9 comemorado o Dia das Defensoras e Defensores p\u00fablicos, e para enaltecer estes profissionais, Sandy Lylia da Silva recebe Olenka Lins e Silva Martins , 1\u00aa Subdefensora P\u00fablica-Geral, da Defensoria P\u00fablica do Estado do Paran\u00e1, que vai nos contar um pouco da sua trajet\u00f3ria e nos ajudar a compreender melhor import\u00e2ncia do defensor p\u00fablico na garantia de direitos aos brasileiros mais vulner\u00e1veis. <\/p>\n","protected":false},"excerpt":{"rendered":"<p>A Defensoria P\u00fablica \u00e9 uma institui\u00e7\u00e3o essencial para o cumprimento dos direitos fundamentais, principalmente da&#8230;<\/p>\n","protected":false},"author":3,"featured_media":34252,"comment_status":"open","ping_status":"open","sticky":false,"template":"","format":"standard","meta":[],"categories":[2841],"tags":[],"_links":{"self":[{"href":"https:\/\/www.uninter.com\/radio\/wp-json\/wp\/v2\/posts\/35217"}],"collection":[{"href":"https:\/\/www.uninter.com\/radio\/wp-json\/wp\/v2\/posts"}],"about":[{"href":"https:\/\/www.uninter.com\/radio\/wp-json\/wp\/v2\/types\/post"}],"author":[{"embeddable":true,"href":"https:\/\/www.uninter.com\/radio\/wp-json\/wp\/v2\/users\/3"}],"replies":[{"embeddable":true,"href":"https:\/\/www.uninter.com\/radio\/wp-json\/wp\/v2\/comments?post=35217"}],"version-history":[{"count":1,"href":"https:\/\/www.uninter.com\/radio\/wp-json\/wp\/v2\/posts\/35217\/revisions"}],"predecessor-version":[{"id":35219,"href":"https:\/\/www.uninter.com\/radio\/wp-json\/wp\/v2\/posts\/35217\/revisions\/35219"}],"wp:featuredmedia":[{"embeddable":true,"href":"https:\/\/www.uninter.com\/radio\/wp-json\/wp\/v2\/media\/34252"}],"wp:attachment":[{"href":"https:\/\/www.uninter.com\/radio\/wp-json\/wp\/v2\/media?parent=35217"}],"wp:term":[{"taxonomy":"category","embeddable":true,"href":"https:\/\/www.uninter.com\/radio\/wp-json\/wp\/v2\/categories?post=35217"},{"taxonomy":"post_tag","embeddable":true,"href":"https:\/\/www.uninter.com\/radio\/wp-json\/wp\/v2\/tags?post=35217"}],"curies":[{"name":"wp","href":"https:\/\/api.w.org\/{rel}","templated":true}]}}