{"id":35214,"date":"2023-05-05T11:53:35","date_gmt":"2023-05-05T14:53:35","guid":{"rendered":"https:\/\/www.uninter.com\/radio\/?p=35214"},"modified":"2023-05-05T11:53:36","modified_gmt":"2023-05-05T14:53:36","slug":"saude-em-foco-contextualizando-a-enfermagem","status":"publish","type":"post","link":"https:\/\/www.uninter.com\/radio\/saude-em-foco-contextualizando-a-enfermagem","title":{"rendered":"Sa\u00fade em Foco | Contextualizando a Enfermagem"},"content":{"rendered":"\n<figure class=\"wp-block-audio\"><audio controls src=\"https:\/\/www.uninter.com\/radio\/wp-content\/uploads\/2023\/05\/saude-em-foco-02-05-2023.mp3\"><\/audio><\/figure>\n\n\n\n<p>Nessa edi\u00e7\u00e3o do Sa\u00fade em Foco vamos contar tudo e contextualizar o geral da enfermagem. Para isso, Barbara Carvalho recebe as professoras do curso de Enfermagem da Uninter, Louise Scussiato e Deisi Benedet. Acompanhe.<\/p>\n","protected":false},"excerpt":{"rendered":"<p>Nessa edi\u00e7\u00e3o do Sa\u00fade em Foco vamos contar tudo e contextualizar o geral da enfermagem&#8230;.<\/p>\n","protected":false},"author":3,"featured_media":33678,"comment_status":"open","ping_status":"open","sticky":false,"template":"","format":"standard","meta":[],"categories":[2790],"tags":[],"_links":{"self":[{"href":"https:\/\/www.uninter.com\/radio\/wp-json\/wp\/v2\/posts\/35214"}],"collection":[{"href":"https:\/\/www.uninter.com\/radio\/wp-json\/wp\/v2\/posts"}],"about":[{"href":"https:\/\/www.uninter.com\/radio\/wp-json\/wp\/v2\/types\/post"}],"author":[{"embeddable":true,"href":"https:\/\/www.uninter.com\/radio\/wp-json\/wp\/v2\/users\/3"}],"replies":[{"embeddable":true,"href":"https:\/\/www.uninter.com\/radio\/wp-json\/wp\/v2\/comments?post=35214"}],"version-history":[{"count":1,"href":"https:\/\/www.uninter.com\/radio\/wp-json\/wp\/v2\/posts\/35214\/revisions"}],"predecessor-version":[{"id":35216,"href":"https:\/\/www.uninter.com\/radio\/wp-json\/wp\/v2\/posts\/35214\/revisions\/35216"}],"wp:featuredmedia":[{"embeddable":true,"href":"https:\/\/www.uninter.com\/radio\/wp-json\/wp\/v2\/media\/33678"}],"wp:attachment":[{"href":"https:\/\/www.uninter.com\/radio\/wp-json\/wp\/v2\/media?parent=35214"}],"wp:term":[{"taxonomy":"category","embeddable":true,"href":"https:\/\/www.uninter.com\/radio\/wp-json\/wp\/v2\/categories?post=35214"},{"taxonomy":"post_tag","embeddable":true,"href":"https:\/\/www.uninter.com\/radio\/wp-json\/wp\/v2\/tags?post=35214"}],"curies":[{"name":"wp","href":"https:\/\/api.w.org\/{rel}","templated":true}]}}