{"id":35201,"date":"2023-05-04T11:24:03","date_gmt":"2023-05-04T14:24:03","guid":{"rendered":"https:\/\/www.uninter.com\/radio\/?p=35201"},"modified":"2023-05-04T11:24:04","modified_gmt":"2023-05-04T14:24:04","slug":"inclusao-em-rede-psicologia-e-psicofobia-como-lidar-com-os-estudantes-hoje","status":"publish","type":"post","link":"https:\/\/www.uninter.com\/radio\/inclusao-em-rede-psicologia-e-psicofobia-como-lidar-com-os-estudantes-hoje","title":{"rendered":"Inclus\u00e3o em Rede | Psicologia e Psicofobia: como lidar com os estudantes hoje"},"content":{"rendered":"\n<figure class=\"wp-block-audio\"><audio controls src=\"https:\/\/www.uninter.com\/radio\/wp-content\/uploads\/2023\/05\/inclusao-em-rede-28-04-2023-2.mp3\"><\/audio><\/figure>\n\n\n\n<p>A Psicofobia \u00e9 uma campanha fixa da Associa\u00e7\u00e3o Brasileira de Psiquiatria &#8211; ABP, que tem o intuito de combater o estigma e o preconceito contra os padecentes de doen\u00e7as mentais, e na edi\u00e7\u00e3o do Inclus\u00e3o em Rede, vamos falar sobre como aplic\u00e1-la aos estudantes. Para a conversa, Leomar Marchesini recebe a psic\u00f3loga Simone Marchesini.<\/p>\n","protected":false},"excerpt":{"rendered":"<p>A Psicofobia \u00e9 uma campanha fixa da Associa\u00e7\u00e3o Brasileira de Psiquiatria &#8211; ABP, que tem&#8230;<\/p>\n","protected":false},"author":3,"featured_media":33698,"comment_status":"open","ping_status":"open","sticky":false,"template":"","format":"standard","meta":[],"categories":[2727],"tags":[],"_links":{"self":[{"href":"https:\/\/www.uninter.com\/radio\/wp-json\/wp\/v2\/posts\/35201"}],"collection":[{"href":"https:\/\/www.uninter.com\/radio\/wp-json\/wp\/v2\/posts"}],"about":[{"href":"https:\/\/www.uninter.com\/radio\/wp-json\/wp\/v2\/types\/post"}],"author":[{"embeddable":true,"href":"https:\/\/www.uninter.com\/radio\/wp-json\/wp\/v2\/users\/3"}],"replies":[{"embeddable":true,"href":"https:\/\/www.uninter.com\/radio\/wp-json\/wp\/v2\/comments?post=35201"}],"version-history":[{"count":1,"href":"https:\/\/www.uninter.com\/radio\/wp-json\/wp\/v2\/posts\/35201\/revisions"}],"predecessor-version":[{"id":35203,"href":"https:\/\/www.uninter.com\/radio\/wp-json\/wp\/v2\/posts\/35201\/revisions\/35203"}],"wp:featuredmedia":[{"embeddable":true,"href":"https:\/\/www.uninter.com\/radio\/wp-json\/wp\/v2\/media\/33698"}],"wp:attachment":[{"href":"https:\/\/www.uninter.com\/radio\/wp-json\/wp\/v2\/media?parent=35201"}],"wp:term":[{"taxonomy":"category","embeddable":true,"href":"https:\/\/www.uninter.com\/radio\/wp-json\/wp\/v2\/categories?post=35201"},{"taxonomy":"post_tag","embeddable":true,"href":"https:\/\/www.uninter.com\/radio\/wp-json\/wp\/v2\/tags?post=35201"}],"curies":[{"name":"wp","href":"https:\/\/api.w.org\/{rel}","templated":true}]}}