{"id":35195,"date":"2023-05-04T10:57:18","date_gmt":"2023-05-04T13:57:18","guid":{"rendered":"https:\/\/www.uninter.com\/radio\/?p=35195"},"modified":"2023-05-04T10:57:20","modified_gmt":"2023-05-04T13:57:20","slug":"atuando-na-politica-coligacoes-e-federacoes-nas-campanhas-eleitorais-brasileiras-2","status":"publish","type":"post","link":"https:\/\/www.uninter.com\/radio\/atuando-na-politica-coligacoes-e-federacoes-nas-campanhas-eleitorais-brasileiras-2","title":{"rendered":"Atuando na Pol\u00edtica | Coliga\u00e7\u00f5es e Federa\u00e7\u00f5es nas campanhas eleitorais brasileiras #2"},"content":{"rendered":"\n<figure class=\"wp-block-audio\"><audio controls src=\"https:\/\/www.uninter.com\/radio\/wp-content\/uploads\/2023\/05\/atuando-na-politica-28-04-2023.mp3\"><\/audio><\/figure>\n\n\n\n<p>Os professores Lucas Massimo e Karolina Roeder explicam o que representa o fim das coliga\u00e7\u00f5es nas elei\u00e7\u00f5es proporcionais, por que elas est\u00e3o mantidas nas majorit\u00e1rias e o que s\u00e3o as federa\u00e7\u00f5es partid\u00e1rias. Tudo isso na segunda edi\u00e7\u00e3o do Atuando na Pol\u00edtica. Acompanhe!<\/p>\n","protected":false},"excerpt":{"rendered":"<p>Os professores Lucas Massimo e Karolina Roeder explicam o que representa o fim das coliga\u00e7\u00f5es&#8230;<\/p>\n","protected":false},"author":3,"featured_media":35028,"comment_status":"open","ping_status":"open","sticky":false,"template":"","format":"standard","meta":[],"categories":[2847],"tags":[],"_links":{"self":[{"href":"https:\/\/www.uninter.com\/radio\/wp-json\/wp\/v2\/posts\/35195"}],"collection":[{"href":"https:\/\/www.uninter.com\/radio\/wp-json\/wp\/v2\/posts"}],"about":[{"href":"https:\/\/www.uninter.com\/radio\/wp-json\/wp\/v2\/types\/post"}],"author":[{"embeddable":true,"href":"https:\/\/www.uninter.com\/radio\/wp-json\/wp\/v2\/users\/3"}],"replies":[{"embeddable":true,"href":"https:\/\/www.uninter.com\/radio\/wp-json\/wp\/v2\/comments?post=35195"}],"version-history":[{"count":1,"href":"https:\/\/www.uninter.com\/radio\/wp-json\/wp\/v2\/posts\/35195\/revisions"}],"predecessor-version":[{"id":35197,"href":"https:\/\/www.uninter.com\/radio\/wp-json\/wp\/v2\/posts\/35195\/revisions\/35197"}],"wp:featuredmedia":[{"embeddable":true,"href":"https:\/\/www.uninter.com\/radio\/wp-json\/wp\/v2\/media\/35028"}],"wp:attachment":[{"href":"https:\/\/www.uninter.com\/radio\/wp-json\/wp\/v2\/media?parent=35195"}],"wp:term":[{"taxonomy":"category","embeddable":true,"href":"https:\/\/www.uninter.com\/radio\/wp-json\/wp\/v2\/categories?post=35195"},{"taxonomy":"post_tag","embeddable":true,"href":"https:\/\/www.uninter.com\/radio\/wp-json\/wp\/v2\/tags?post=35195"}],"curies":[{"name":"wp","href":"https:\/\/api.w.org\/{rel}","templated":true}]}}