{"id":35192,"date":"2023-05-04T10:55:18","date_gmt":"2023-05-04T13:55:18","guid":{"rendered":"https:\/\/www.uninter.com\/radio\/?p=35192"},"modified":"2023-05-04T10:55:20","modified_gmt":"2023-05-04T13:55:20","slug":"conversa-com-o-reitor-sete-anos-da-central-que-nao-deixa-ninguem-sem-resposta","status":"publish","type":"post","link":"https:\/\/www.uninter.com\/radio\/conversa-com-o-reitor-sete-anos-da-central-que-nao-deixa-ninguem-sem-resposta","title":{"rendered":"Conversa com o Reitor | Sete anos da central que n\u00e3o deixa ningu\u00e9m sem resposta"},"content":{"rendered":"\n<figure class=\"wp-block-audio\"><audio controls src=\"https:\/\/www.uninter.com\/radio\/wp-content\/uploads\/2023\/05\/conversa-com-o-reitor-28-04-2023.mp3\"><\/audio><\/figure>\n\n\n\n<p>A edi\u00e7\u00e3o do Conversa com o Reitor celebra os sete anos da central que atende a todos os alunos da Uninter, em todos os cantos do Brasil e do mundo: a Central de Media\u00e7\u00e3o Acad\u00eamica (CMA). Benhur Gaio recebe a gestora do departamento, Helenice Jamur, e alunos para falar sobre as suas experi\u00eancias com o setor.<\/p>\n","protected":false},"excerpt":{"rendered":"<p>A edi\u00e7\u00e3o do Conversa com o Reitor celebra os sete anos da central que atende&#8230;<\/p>\n","protected":false},"author":3,"featured_media":31088,"comment_status":"open","ping_status":"open","sticky":false,"template":"","format":"standard","meta":[],"categories":[2724],"tags":[],"_links":{"self":[{"href":"https:\/\/www.uninter.com\/radio\/wp-json\/wp\/v2\/posts\/35192"}],"collection":[{"href":"https:\/\/www.uninter.com\/radio\/wp-json\/wp\/v2\/posts"}],"about":[{"href":"https:\/\/www.uninter.com\/radio\/wp-json\/wp\/v2\/types\/post"}],"author":[{"embeddable":true,"href":"https:\/\/www.uninter.com\/radio\/wp-json\/wp\/v2\/users\/3"}],"replies":[{"embeddable":true,"href":"https:\/\/www.uninter.com\/radio\/wp-json\/wp\/v2\/comments?post=35192"}],"version-history":[{"count":1,"href":"https:\/\/www.uninter.com\/radio\/wp-json\/wp\/v2\/posts\/35192\/revisions"}],"predecessor-version":[{"id":35194,"href":"https:\/\/www.uninter.com\/radio\/wp-json\/wp\/v2\/posts\/35192\/revisions\/35194"}],"wp:featuredmedia":[{"embeddable":true,"href":"https:\/\/www.uninter.com\/radio\/wp-json\/wp\/v2\/media\/31088"}],"wp:attachment":[{"href":"https:\/\/www.uninter.com\/radio\/wp-json\/wp\/v2\/media?parent=35192"}],"wp:term":[{"taxonomy":"category","embeddable":true,"href":"https:\/\/www.uninter.com\/radio\/wp-json\/wp\/v2\/categories?post=35192"},{"taxonomy":"post_tag","embeddable":true,"href":"https:\/\/www.uninter.com\/radio\/wp-json\/wp\/v2\/tags?post=35192"}],"curies":[{"name":"wp","href":"https:\/\/api.w.org\/{rel}","templated":true}]}}