{"id":35186,"date":"2023-05-04T10:50:40","date_gmt":"2023-05-04T13:50:40","guid":{"rendered":"https:\/\/www.uninter.com\/radio\/?p=35186"},"modified":"2023-05-04T10:50:41","modified_gmt":"2023-05-04T13:50:41","slug":"chave-interdisciplinar-letramento-do-professor-na-contemporaneidade","status":"publish","type":"post","link":"https:\/\/www.uninter.com\/radio\/chave-interdisciplinar-letramento-do-professor-na-contemporaneidade","title":{"rendered":"Chave Interdisciplinar | Letramento do professor na contemporaneidade"},"content":{"rendered":"\n<figure class=\"wp-block-audio\"><audio controls src=\"https:\/\/www.uninter.com\/radio\/wp-content\/uploads\/2023\/05\/chave-27-04-2023.mp3\"><\/audio><\/figure>\n\n\n\n<p>Nesta edi\u00e7\u00e3o do Chave Interdisciplinar faremos uma reflex\u00e3o a respeito do conceito do letramento na pr\u00e1tica pedag\u00f3gica, que requer um entendimento para o desenvolvimento no cotidiano escolar. Para isso, recebemos as professoras Sonia Radvanskei, Viviane Schueda Stacheski e Jucimara de Barros Bandeira. Acompanhe.<\/p>\n","protected":false},"excerpt":{"rendered":"<p>Nesta edi\u00e7\u00e3o do Chave Interdisciplinar faremos uma reflex\u00e3o a respeito do conceito do letramento na&#8230;<\/p>\n","protected":false},"author":3,"featured_media":33668,"comment_status":"open","ping_status":"open","sticky":false,"template":"","format":"standard","meta":[],"categories":[2735],"tags":[],"_links":{"self":[{"href":"https:\/\/www.uninter.com\/radio\/wp-json\/wp\/v2\/posts\/35186"}],"collection":[{"href":"https:\/\/www.uninter.com\/radio\/wp-json\/wp\/v2\/posts"}],"about":[{"href":"https:\/\/www.uninter.com\/radio\/wp-json\/wp\/v2\/types\/post"}],"author":[{"embeddable":true,"href":"https:\/\/www.uninter.com\/radio\/wp-json\/wp\/v2\/users\/3"}],"replies":[{"embeddable":true,"href":"https:\/\/www.uninter.com\/radio\/wp-json\/wp\/v2\/comments?post=35186"}],"version-history":[{"count":1,"href":"https:\/\/www.uninter.com\/radio\/wp-json\/wp\/v2\/posts\/35186\/revisions"}],"predecessor-version":[{"id":35188,"href":"https:\/\/www.uninter.com\/radio\/wp-json\/wp\/v2\/posts\/35186\/revisions\/35188"}],"wp:featuredmedia":[{"embeddable":true,"href":"https:\/\/www.uninter.com\/radio\/wp-json\/wp\/v2\/media\/33668"}],"wp:attachment":[{"href":"https:\/\/www.uninter.com\/radio\/wp-json\/wp\/v2\/media?parent=35186"}],"wp:term":[{"taxonomy":"category","embeddable":true,"href":"https:\/\/www.uninter.com\/radio\/wp-json\/wp\/v2\/categories?post=35186"},{"taxonomy":"post_tag","embeddable":true,"href":"https:\/\/www.uninter.com\/radio\/wp-json\/wp\/v2\/tags?post=35186"}],"curies":[{"name":"wp","href":"https:\/\/api.w.org\/{rel}","templated":true}]}}