{"id":35177,"date":"2023-04-27T11:31:06","date_gmt":"2023-04-27T14:31:06","guid":{"rendered":"https:\/\/www.uninter.com\/radio\/?p=35177"},"modified":"2023-04-27T11:31:08","modified_gmt":"2023-04-27T14:31:08","slug":"papo-castico-samba-tipo-exportacao","status":"publish","type":"post","link":"https:\/\/www.uninter.com\/radio\/papo-castico-samba-tipo-exportacao","title":{"rendered":"Papo Casti\u00e7o | Samba Tipo Exporta\u00e7\u00e3o"},"content":{"rendered":"\n<figure class=\"wp-block-audio\"><audio controls src=\"https:\/\/www.uninter.com\/radio\/wp-content\/uploads\/2023\/04\/papo-castico-26-04-2023.mp3\"><\/audio><\/figure>\n\n\n\n<p>O samba j\u00e1 foi de ritmo maldito a m\u00fasica de identidade nacional, e hoje, \u00e9 motivo de orgulho e possui grande valor cultural, sem contar que j\u00e1 caiu no gosto de muita gente e est\u00e1 presente nos mais diversos cantos do planeta. Em T\u00f3quio, mais de 500 mil pessoas se re\u00fanem para celebrar o carnaval promovido pela Associa\u00e7\u00e3o das Escolas de Samba de Asakusa, \u201cHelsinki Samba Carnaval\u201d, encabe\u00e7ado anualmente pela Associa\u00e7\u00e3o das Escolas de Samba e Carnaval da Finl\u00e2ndia. Na Europa, o Bloco X comanda a festa com dezenas de sambistas, e na Rep\u00fablica Tcheca, o Samba Tam Tam faz em Praga, um grande trabalho de promo\u00e7\u00e3o do nosso samba. Mas voc\u00ea sabia que Curitiba faz &#8220;samba tipo exporta\u00e7\u00e3o&#8221;? Para celebrar o Dia Internacional da Dan\u00e7a (29 de abril), Sandy Lylia da Silva recebe Ana Arruda, core\u00f3grafa e dan\u00e7arina profissional, fundadora Projeto Samba Cwb, que j\u00e1 levou o samba para mais de 27 pa\u00edses com muita t\u00e9cnica e did\u00e1tica por meio de aulas on -line. Acompanhe.<\/p>\n","protected":false},"excerpt":{"rendered":"<p>O samba j\u00e1 foi de ritmo maldito a m\u00fasica de identidade nacional, e hoje, \u00e9&#8230;<\/p>\n","protected":false},"author":3,"featured_media":34252,"comment_status":"open","ping_status":"open","sticky":false,"template":"","format":"standard","meta":[],"categories":[2841],"tags":[],"_links":{"self":[{"href":"https:\/\/www.uninter.com\/radio\/wp-json\/wp\/v2\/posts\/35177"}],"collection":[{"href":"https:\/\/www.uninter.com\/radio\/wp-json\/wp\/v2\/posts"}],"about":[{"href":"https:\/\/www.uninter.com\/radio\/wp-json\/wp\/v2\/types\/post"}],"author":[{"embeddable":true,"href":"https:\/\/www.uninter.com\/radio\/wp-json\/wp\/v2\/users\/3"}],"replies":[{"embeddable":true,"href":"https:\/\/www.uninter.com\/radio\/wp-json\/wp\/v2\/comments?post=35177"}],"version-history":[{"count":1,"href":"https:\/\/www.uninter.com\/radio\/wp-json\/wp\/v2\/posts\/35177\/revisions"}],"predecessor-version":[{"id":35179,"href":"https:\/\/www.uninter.com\/radio\/wp-json\/wp\/v2\/posts\/35177\/revisions\/35179"}],"wp:featuredmedia":[{"embeddable":true,"href":"https:\/\/www.uninter.com\/radio\/wp-json\/wp\/v2\/media\/34252"}],"wp:attachment":[{"href":"https:\/\/www.uninter.com\/radio\/wp-json\/wp\/v2\/media?parent=35177"}],"wp:term":[{"taxonomy":"category","embeddable":true,"href":"https:\/\/www.uninter.com\/radio\/wp-json\/wp\/v2\/categories?post=35177"},{"taxonomy":"post_tag","embeddable":true,"href":"https:\/\/www.uninter.com\/radio\/wp-json\/wp\/v2\/tags?post=35177"}],"curies":[{"name":"wp","href":"https:\/\/api.w.org\/{rel}","templated":true}]}}