{"id":35174,"date":"2023-04-27T11:28:54","date_gmt":"2023-04-27T14:28:54","guid":{"rendered":"https:\/\/www.uninter.com\/radio\/?p=35174"},"modified":"2023-04-27T11:28:55","modified_gmt":"2023-04-27T14:28:55","slug":"saude-em-foco-dia-do-dna-todos-os-avancos-na-era-pos-genomica-na-saude","status":"publish","type":"post","link":"https:\/\/www.uninter.com\/radio\/saude-em-foco-dia-do-dna-todos-os-avancos-na-era-pos-genomica-na-saude","title":{"rendered":"Sa\u00fade em Foco | Dia do DNA: todos os avan\u00e7os na era p\u00f3s-gen\u00f4mica na sa\u00fade"},"content":{"rendered":"\n<figure class=\"wp-block-audio\"><audio controls src=\"https:\/\/www.uninter.com\/radio\/wp-content\/uploads\/2023\/04\/saude-em-foco-25-04-2023.mp3\"><\/audio><\/figure>\n\n\n\n<p>O Dia do DNA \u00e9 comemorado todo 25 de abril, e o Sa\u00fade em Foco preparou uma edi\u00e7\u00e3o especial para a data. Barbara Carvalho recebe o coordenador do curso de Biomedicina da Uninter, Ben\u00edsio Ferreira Filho, para comentar os avan\u00e7os que a sa\u00fade teve com a descoberta do genoma h\u00e1 70 anos.<\/p>\n","protected":false},"excerpt":{"rendered":"<p>O Dia do DNA \u00e9 comemorado todo 25 de abril, e o Sa\u00fade em Foco&#8230;<\/p>\n","protected":false},"author":3,"featured_media":33678,"comment_status":"open","ping_status":"open","sticky":false,"template":"","format":"standard","meta":[],"categories":[2790],"tags":[],"_links":{"self":[{"href":"https:\/\/www.uninter.com\/radio\/wp-json\/wp\/v2\/posts\/35174"}],"collection":[{"href":"https:\/\/www.uninter.com\/radio\/wp-json\/wp\/v2\/posts"}],"about":[{"href":"https:\/\/www.uninter.com\/radio\/wp-json\/wp\/v2\/types\/post"}],"author":[{"embeddable":true,"href":"https:\/\/www.uninter.com\/radio\/wp-json\/wp\/v2\/users\/3"}],"replies":[{"embeddable":true,"href":"https:\/\/www.uninter.com\/radio\/wp-json\/wp\/v2\/comments?post=35174"}],"version-history":[{"count":1,"href":"https:\/\/www.uninter.com\/radio\/wp-json\/wp\/v2\/posts\/35174\/revisions"}],"predecessor-version":[{"id":35176,"href":"https:\/\/www.uninter.com\/radio\/wp-json\/wp\/v2\/posts\/35174\/revisions\/35176"}],"wp:featuredmedia":[{"embeddable":true,"href":"https:\/\/www.uninter.com\/radio\/wp-json\/wp\/v2\/media\/33678"}],"wp:attachment":[{"href":"https:\/\/www.uninter.com\/radio\/wp-json\/wp\/v2\/media?parent=35174"}],"wp:term":[{"taxonomy":"category","embeddable":true,"href":"https:\/\/www.uninter.com\/radio\/wp-json\/wp\/v2\/categories?post=35174"},{"taxonomy":"post_tag","embeddable":true,"href":"https:\/\/www.uninter.com\/radio\/wp-json\/wp\/v2\/tags?post=35174"}],"curies":[{"name":"wp","href":"https:\/\/api.w.org\/{rel}","templated":true}]}}