{"id":35147,"date":"2023-04-24T10:59:52","date_gmt":"2023-04-24T13:59:52","guid":{"rendered":"https:\/\/www.uninter.com\/radio\/?p=35147"},"modified":"2023-04-24T10:59:53","modified_gmt":"2023-04-24T13:59:53","slug":"saude-em-foco-dia-internacional-do-biomedico-analista-clinico","status":"publish","type":"post","link":"https:\/\/www.uninter.com\/radio\/saude-em-foco-dia-internacional-do-biomedico-analista-clinico","title":{"rendered":"Sa\u00fade em Foco | Dia internacional do Biom\u00e9dico Analista Cl\u00ednico"},"content":{"rendered":"\n<figure class=\"wp-block-audio\"><audio controls src=\"https:\/\/www.uninter.com\/radio\/wp-content\/uploads\/2023\/04\/saude-em-foco-18-04-2023.mp3\"><\/audio><\/figure>\n\n\n\n<p>A biomedicina tem muito a comemorar, e a R\u00e1dio Uninter celebra o Dia Internacional do Biom\u00e9dico Analista Cl\u00ednico no Sa\u00fade em Foco. Barbara Carvalho recebe os professores Benisio Ferreira Filho para a conversa.<\/p>\n","protected":false},"excerpt":{"rendered":"<p>A biomedicina tem muito a comemorar, e a R\u00e1dio Uninter celebra o Dia Internacional do&#8230;<\/p>\n","protected":false},"author":3,"featured_media":33678,"comment_status":"open","ping_status":"open","sticky":false,"template":"","format":"standard","meta":[],"categories":[2790],"tags":[],"_links":{"self":[{"href":"https:\/\/www.uninter.com\/radio\/wp-json\/wp\/v2\/posts\/35147"}],"collection":[{"href":"https:\/\/www.uninter.com\/radio\/wp-json\/wp\/v2\/posts"}],"about":[{"href":"https:\/\/www.uninter.com\/radio\/wp-json\/wp\/v2\/types\/post"}],"author":[{"embeddable":true,"href":"https:\/\/www.uninter.com\/radio\/wp-json\/wp\/v2\/users\/3"}],"replies":[{"embeddable":true,"href":"https:\/\/www.uninter.com\/radio\/wp-json\/wp\/v2\/comments?post=35147"}],"version-history":[{"count":1,"href":"https:\/\/www.uninter.com\/radio\/wp-json\/wp\/v2\/posts\/35147\/revisions"}],"predecessor-version":[{"id":35149,"href":"https:\/\/www.uninter.com\/radio\/wp-json\/wp\/v2\/posts\/35147\/revisions\/35149"}],"wp:featuredmedia":[{"embeddable":true,"href":"https:\/\/www.uninter.com\/radio\/wp-json\/wp\/v2\/media\/33678"}],"wp:attachment":[{"href":"https:\/\/www.uninter.com\/radio\/wp-json\/wp\/v2\/media?parent=35147"}],"wp:term":[{"taxonomy":"category","embeddable":true,"href":"https:\/\/www.uninter.com\/radio\/wp-json\/wp\/v2\/categories?post=35147"},{"taxonomy":"post_tag","embeddable":true,"href":"https:\/\/www.uninter.com\/radio\/wp-json\/wp\/v2\/tags?post=35147"}],"curies":[{"name":"wp","href":"https:\/\/api.w.org\/{rel}","templated":true}]}}