{"id":35134,"date":"2023-04-24T09:15:26","date_gmt":"2023-04-24T12:15:26","guid":{"rendered":"https:\/\/www.uninter.com\/radio\/?p=35134"},"modified":"2023-04-24T09:15:28","modified_gmt":"2023-04-24T12:15:28","slug":"inclusao-em-rede-iniciativas-positivas-para-egressos-com-deficiencia","status":"publish","type":"post","link":"https:\/\/www.uninter.com\/radio\/inclusao-em-rede-iniciativas-positivas-para-egressos-com-deficiencia","title":{"rendered":"Inclus\u00e3o em Rede | Iniciativas positivas para egressos com defici\u00eancia"},"content":{"rendered":"\n<figure class=\"wp-block-audio\"><audio controls src=\"https:\/\/www.uninter.com\/radio\/wp-content\/uploads\/2023\/04\/inclusao-em-rede-14-04-2023-1.mp3\"><\/audio><\/figure>\n\n\n\n<p>Para al\u00e9m da forma\u00e7\u00e3o, \u00e9 necess\u00e1rio que uma institui\u00e7\u00e3o de ensino acompanhe seus egressos na inser\u00e7\u00e3o posterior no mercado de trabalho. Esse recurso \u00e9 ainda mais pertinente em iniciativas de acompanhamentos de profissionais com defici\u00eancia. O Inclus\u00e3o em Rede aborda o tema com a presen\u00e7a do gestor da Central de Carreiras da Uninter, Sidney Lara.<\/p>\n","protected":false},"excerpt":{"rendered":"<p>Para al\u00e9m da forma\u00e7\u00e3o, \u00e9 necess\u00e1rio que uma institui\u00e7\u00e3o de ensino acompanhe seus egressos na&#8230;<\/p>\n","protected":false},"author":3,"featured_media":33698,"comment_status":"open","ping_status":"open","sticky":false,"template":"","format":"standard","meta":[],"categories":[2727],"tags":[],"_links":{"self":[{"href":"https:\/\/www.uninter.com\/radio\/wp-json\/wp\/v2\/posts\/35134"}],"collection":[{"href":"https:\/\/www.uninter.com\/radio\/wp-json\/wp\/v2\/posts"}],"about":[{"href":"https:\/\/www.uninter.com\/radio\/wp-json\/wp\/v2\/types\/post"}],"author":[{"embeddable":true,"href":"https:\/\/www.uninter.com\/radio\/wp-json\/wp\/v2\/users\/3"}],"replies":[{"embeddable":true,"href":"https:\/\/www.uninter.com\/radio\/wp-json\/wp\/v2\/comments?post=35134"}],"version-history":[{"count":1,"href":"https:\/\/www.uninter.com\/radio\/wp-json\/wp\/v2\/posts\/35134\/revisions"}],"predecessor-version":[{"id":35136,"href":"https:\/\/www.uninter.com\/radio\/wp-json\/wp\/v2\/posts\/35134\/revisions\/35136"}],"wp:featuredmedia":[{"embeddable":true,"href":"https:\/\/www.uninter.com\/radio\/wp-json\/wp\/v2\/media\/33698"}],"wp:attachment":[{"href":"https:\/\/www.uninter.com\/radio\/wp-json\/wp\/v2\/media?parent=35134"}],"wp:term":[{"taxonomy":"category","embeddable":true,"href":"https:\/\/www.uninter.com\/radio\/wp-json\/wp\/v2\/categories?post=35134"},{"taxonomy":"post_tag","embeddable":true,"href":"https:\/\/www.uninter.com\/radio\/wp-json\/wp\/v2\/tags?post=35134"}],"curies":[{"name":"wp","href":"https:\/\/api.w.org\/{rel}","templated":true}]}}