{"id":35125,"date":"2023-04-24T09:09:15","date_gmt":"2023-04-24T12:09:15","guid":{"rendered":"https:\/\/www.uninter.com\/radio\/?p=35125"},"modified":"2023-04-24T09:09:16","modified_gmt":"2023-04-24T12:09:16","slug":"transito-e-mobilidade-projetos-sociais-voltados-para-mobilidade","status":"publish","type":"post","link":"https:\/\/www.uninter.com\/radio\/transito-e-mobilidade-projetos-sociais-voltados-para-mobilidade","title":{"rendered":"Tr\u00e2nsito e Mobilidade | Projetos sociais voltados para mobilidade"},"content":{"rendered":"\n<figure class=\"wp-block-audio\"><audio controls src=\"https:\/\/www.uninter.com\/radio\/wp-content\/uploads\/2023\/04\/transito-e-mobilidade-14-04-2023.mp3\"><\/audio><\/figure>\n\n\n\n<p>A educa\u00e7\u00e3o para o tr\u00e2nsito depende de muitas frentes para plena capacita\u00e7\u00e3o. Al\u00e9m da escola e de centros de forma\u00e7\u00e3o, projetos sociais s\u00e3o importantes nesse aspecto para motoristas, pedestres e a popula\u00e7\u00e3o em geral. Os professores Valdilson Lopes e Gerson Buczenko debatem o tema com Mauro Gil Merger, presidente da Ag\u00eancia Nacional em Mobilidade e conselheiro no ONSV.<\/p>\n","protected":false},"excerpt":{"rendered":"<p>A educa\u00e7\u00e3o para o tr\u00e2nsito depende de muitas frentes para plena capacita\u00e7\u00e3o. Al\u00e9m da escola&#8230;<\/p>\n","protected":false},"author":3,"featured_media":33729,"comment_status":"open","ping_status":"open","sticky":false,"template":"","format":"standard","meta":[],"categories":[2718],"tags":[],"_links":{"self":[{"href":"https:\/\/www.uninter.com\/radio\/wp-json\/wp\/v2\/posts\/35125"}],"collection":[{"href":"https:\/\/www.uninter.com\/radio\/wp-json\/wp\/v2\/posts"}],"about":[{"href":"https:\/\/www.uninter.com\/radio\/wp-json\/wp\/v2\/types\/post"}],"author":[{"embeddable":true,"href":"https:\/\/www.uninter.com\/radio\/wp-json\/wp\/v2\/users\/3"}],"replies":[{"embeddable":true,"href":"https:\/\/www.uninter.com\/radio\/wp-json\/wp\/v2\/comments?post=35125"}],"version-history":[{"count":1,"href":"https:\/\/www.uninter.com\/radio\/wp-json\/wp\/v2\/posts\/35125\/revisions"}],"predecessor-version":[{"id":35127,"href":"https:\/\/www.uninter.com\/radio\/wp-json\/wp\/v2\/posts\/35125\/revisions\/35127"}],"wp:featuredmedia":[{"embeddable":true,"href":"https:\/\/www.uninter.com\/radio\/wp-json\/wp\/v2\/media\/33729"}],"wp:attachment":[{"href":"https:\/\/www.uninter.com\/radio\/wp-json\/wp\/v2\/media?parent=35125"}],"wp:term":[{"taxonomy":"category","embeddable":true,"href":"https:\/\/www.uninter.com\/radio\/wp-json\/wp\/v2\/categories?post=35125"},{"taxonomy":"post_tag","embeddable":true,"href":"https:\/\/www.uninter.com\/radio\/wp-json\/wp\/v2\/tags?post=35125"}],"curies":[{"name":"wp","href":"https:\/\/api.w.org\/{rel}","templated":true}]}}