{"id":35118,"date":"2023-04-24T09:04:55","date_gmt":"2023-04-24T12:04:55","guid":{"rendered":"https:\/\/www.uninter.com\/radio\/?p=35118"},"modified":"2023-04-24T09:04:56","modified_gmt":"2023-04-24T12:04:56","slug":"diversos-da-pos-conscientizacao-sobre-o-parkinson","status":"publish","type":"post","link":"https:\/\/www.uninter.com\/radio\/diversos-da-pos-conscientizacao-sobre-o-parkinson","title":{"rendered":"Diversos da P\u00f3s | Conscientiza\u00e7\u00e3o sobre o Parkinson"},"content":{"rendered":"\n<figure class=\"wp-block-audio\"><audio controls src=\"https:\/\/www.uninter.com\/radio\/wp-content\/uploads\/2023\/04\/atqgv-fx4qe.mp3\"><\/audio><\/figure>\n\n\n\n<p>O Diversos da P\u00f3s vai trazer informa\u00e7\u00f5es importantes sobre a conscientiza\u00e7\u00e3o sobre o Parkinson. Com a presen\u00e7a dos especialistas Fernanda Maria Cercal Eduardo, Pricila de Souza e Dirceu Krainski, e apresenta\u00e7\u00e3o de Viviane Oliveira de Melo, vamos aprender mais sobre a doen\u00e7a e os cuidados necess\u00e1rios para preven\u00e7\u00e3o e tratamento.<\/p>\n","protected":false},"excerpt":{"rendered":"<p>O Diversos da P\u00f3s vai trazer informa\u00e7\u00f5es importantes sobre a conscientiza\u00e7\u00e3o sobre o Parkinson. Com&#8230;<\/p>\n","protected":false},"author":3,"featured_media":34178,"comment_status":"open","ping_status":"open","sticky":false,"template":"","format":"standard","meta":[],"categories":[2704],"tags":[],"_links":{"self":[{"href":"https:\/\/www.uninter.com\/radio\/wp-json\/wp\/v2\/posts\/35118"}],"collection":[{"href":"https:\/\/www.uninter.com\/radio\/wp-json\/wp\/v2\/posts"}],"about":[{"href":"https:\/\/www.uninter.com\/radio\/wp-json\/wp\/v2\/types\/post"}],"author":[{"embeddable":true,"href":"https:\/\/www.uninter.com\/radio\/wp-json\/wp\/v2\/users\/3"}],"replies":[{"embeddable":true,"href":"https:\/\/www.uninter.com\/radio\/wp-json\/wp\/v2\/comments?post=35118"}],"version-history":[{"count":1,"href":"https:\/\/www.uninter.com\/radio\/wp-json\/wp\/v2\/posts\/35118\/revisions"}],"predecessor-version":[{"id":35121,"href":"https:\/\/www.uninter.com\/radio\/wp-json\/wp\/v2\/posts\/35118\/revisions\/35121"}],"wp:featuredmedia":[{"embeddable":true,"href":"https:\/\/www.uninter.com\/radio\/wp-json\/wp\/v2\/media\/34178"}],"wp:attachment":[{"href":"https:\/\/www.uninter.com\/radio\/wp-json\/wp\/v2\/media?parent=35118"}],"wp:term":[{"taxonomy":"category","embeddable":true,"href":"https:\/\/www.uninter.com\/radio\/wp-json\/wp\/v2\/categories?post=35118"},{"taxonomy":"post_tag","embeddable":true,"href":"https:\/\/www.uninter.com\/radio\/wp-json\/wp\/v2\/tags?post=35118"}],"curies":[{"name":"wp","href":"https:\/\/api.w.org\/{rel}","templated":true}]}}